{"id":15081,"date":"2022-10-19T23:08:29","date_gmt":"2022-10-19T23:08:29","guid":{"rendered":"http:\/\/lahora.mx\/?p=15081"},"modified":"2022-11-01T17:32:22","modified_gmt":"2022-11-01T17:32:22","slug":"congreso-de-puebla-priorizara-integracion-de-guardia-nacional-a-la-sedena","status":"publish","type":"post","link":"https:\/\/lahora.mx\/index.php\/2022\/10\/19\/congreso-de-puebla-priorizara-integracion-de-guardia-nacional-a-la-sedena\/","title":{"rendered":"Congreso de Puebla priorizar\u00e1 integraci\u00f3n de Guardia Nacional a la Sedena"},"content":{"rendered":"\n<p>El presidente de la Junta de Gobierno y Coordinaci\u00f3n Pol\u00edtica del Congreso del Estado, Sergio Salom\u00f3n C\u00e9spedes Peregrina anunci\u00f3 que la pr\u00f3xima semana, estar\u00eda discuti\u00e9ndose en el pleno la reforma constitucional para que el mando de la Guardia Nacional pase a la Secretar\u00eda de la Defensa Nacional (Sedena).<\/p>\n\n\n\n<p>En conferencia de prensa, el legislador de Morena inform\u00f3 que ya se recibi\u00f3 el documento por parte del Congreso de la Uni\u00f3n, para que se pueda llevar a cabo la reforma constitucional y sea la Secretar\u00eda de la Defensa Nacional (Sedena), la que coordine a la corporaci\u00f3n.<\/p>\n\n\n\n<p>Dijo que, de acuerdo al proceso legislativo, lo que corresponde es que sea conocido en la Junta de Gobierno, misma que lo turnara al pleno el jueves, para que pase a comisiones y adelant\u00f3 que, posiblemente la pr\u00f3xima semana ya se estar\u00eda votando en el pleno.<\/p>\n\n\n\n<p>Precis\u00f3 que al ser una reforma constitucional se necesitan los 28 votos, pero se buscar\u00e1 que se registre el mayor n\u00famero de votos, y contribuya a lograr la constitucionalidad.<\/p>\n\n\n\n<p>Hoy no circula para casos extremos<br>Referente a las modificaciones legales en el tema de la verificaci\u00f3n vehicular, indic\u00f3 que en el tema que se ha manejado sobre el \u201cHoy no Circula\u201d, debe aclararse que ser\u00eda una medida para casos extremos, y no algo permanente, como sucede en la Ciudad de M\u00e9xico.<\/p>\n\n\n\n<p>Se\u00f1al\u00f3 que depender\u00e1 de las condiciones ambientales y diferentes factores cuando la autoridad podr\u00eda determinar la aplicaci\u00f3n para restringir el tr\u00e1nsito de veh\u00edculos a fin de reducir los \u00edndices de contaminaci\u00f3n.<\/p>\n","protected":false},"excerpt":{"rendered":"<p>El presidente de la Junta de Gobierno y Coordinaci\u00f3n Pol\u00edtica del Congreso del Estado, Sergio Salom\u00f3n C\u00e9spedes Peregrina anunci\u00f3 que la pr\u00f3xima semana, estar\u00eda discuti\u00e9ndose en el pleno la reforma constitucional para que el mando de la Guardia Nacional pase a la Secretar\u00eda de la Defensa Nacional (Sedena). En conferencia de prensa, el legislador de [&hellip;]<\/p>\n","protected":false},"author":4,"featured_media":15082,"comment_status":"open","ping_status":"open","sticky":false,"template":"","format":"standard","meta":{"om_disable_all_campaigns":false,"_monsterinsights_skip_tracking":false,"_monsterinsights_sitenote_active":false,"_monsterinsights_sitenote_note":"","_monsterinsights_sitenote_category":0,"footnotes":""},"categories":[175],"tags":[223],"class_list":["post-15081","post","type-post","status-publish","format-standard","has-post-thumbnail","hentry","category-local","tag-puebla"],"amp_enabled":true,"_links":{"self":[{"href":"https:\/\/lahora.mx\/index.php\/wp-json\/wp\/v2\/posts\/15081","targetHints":{"allow":["GET"]}}],"collection":[{"href":"https:\/\/lahora.mx\/index.php\/wp-json\/wp\/v2\/posts"}],"about":[{"href":"https:\/\/lahora.mx\/index.php\/wp-json\/wp\/v2\/types\/post"}],"author":[{"embeddable":true,"href":"https:\/\/lahora.mx\/index.php\/wp-json\/wp\/v2\/users\/4"}],"replies":[{"embeddable":true,"href":"https:\/\/lahora.mx\/index.php\/wp-json\/wp\/v2\/comments?post=15081"}],"version-history":[{"count":1,"href":"https:\/\/lahora.mx\/index.php\/wp-json\/wp\/v2\/posts\/15081\/revisions"}],"predecessor-version":[{"id":15083,"href":"https:\/\/lahora.mx\/index.php\/wp-json\/wp\/v2\/posts\/15081\/revisions\/15083"}],"wp:featuredmedia":[{"embeddable":true,"href":"https:\/\/lahora.mx\/index.php\/wp-json\/wp\/v2\/media\/15082"}],"wp:attachment":[{"href":"https:\/\/lahora.mx\/index.php\/wp-json\/wp\/v2\/media?parent=15081"}],"wp:term":[{"taxonomy":"category","embeddable":true,"href":"https:\/\/lahora.mx\/index.php\/wp-json\/wp\/v2\/categories?post=15081"},{"taxonomy":"post_tag","embeddable":true,"href":"https:\/\/lahora.mx\/index.php\/wp-json\/wp\/v2\/tags?post=15081"}],"curies":[{"name":"wp","href":"https:\/\/api.w.org\/{rel}","templated":true}]}}