{"id":15039,"date":"2022-10-19T19:04:31","date_gmt":"2022-10-19T19:04:31","guid":{"rendered":"http:\/\/lahora.mx\/?p=15039"},"modified":"2022-10-19T19:04:32","modified_gmt":"2022-10-19T19:04:32","slug":"esto-debes-saber-sobre-el-hoy-no-circula-en-puebla","status":"publish","type":"post","link":"https:\/\/lahora.mx\/index.php\/2022\/10\/19\/esto-debes-saber-sobre-el-hoy-no-circula-en-puebla\/","title":{"rendered":"Esto debes saber sobre el \u00abHoy No Circula en Puebla\u00bb"},"content":{"rendered":"\n<p>Adem\u00e1s de la verificaci\u00f3n vehicular obligatoria ahora existe la posibilidad de que el gobierno del estado active el programa Hoy No Circula en Puebla, as\u00ed lo anunci\u00f3 la secretaria de Medio Ambiente, Beatriz Manrique Guevara.<\/p>\n\n\n\n<p>Fue durante la ma\u00f1anera de hoy 19 de octubre del gobernador Barbosa, que la funcionaria estatal detall\u00f3 que con la reforma a la Ley para la Protecci\u00f3n del Ambiente Natural y el Desarrollo Sustentable que se analiza en el Congreso local se incluye el programa Hoy No Circula en Puebla para casos de contingencia ambiental.<\/p>\n\n\n\n<p>Manrique Guevara explic\u00f3 que en los casos en los que exista contingencia ambiental en Puebla que dure m\u00e1s de dos d\u00edas se activar\u00e1 el programa Hoy No Circula.<\/p>\n\n\n\n<p>\u00bfQu\u00e9 placas incluye el programa Hoy No Circula en Puebla?<br>Con la nueva regulaci\u00f3n, que a\u00fan sigue en an\u00e1lisis, en caso de que la contingencia ambiental dure m\u00e1s de dos d\u00edas dejar\u00e1n de circular los autos con placas terminaci\u00f3n 1 y 2, detall\u00f3 la secretaria de Medio Ambiente, Beatriz Manrique Guevara.<\/p>\n\n\n\n<p>Sugerimos: Verificaci\u00f3n vehicular en Puebla: as\u00ed evitar\u00e1n que incumplidos circulen<\/p>\n\n\n\n<p>\u201cEn general las contingencias en el estado de Puebla no han rebasado los tres d\u00edas de tal manera que conforme al calendario podr\u00eda ser dejar de circular un d\u00eda placas terminadas en 1 y 2\u201d<\/p>\n\n\n\n<p>Sin embargo, hasta hoy 19 de octubre, esto a\u00fan es una posibilidad pues el Congreso de Puebla sigue en el an\u00e1lisis de la reforma a la Ley para la Protecci\u00f3n del Ambiente Natural y el Desarrollo Sustentable enviada por el gobernador del estado, misma que se prev\u00e9 sea aprobada ma\u00f1ana 20 de octubre.<\/p>\n\n\n\n<p>\u201cVamos a esperar a la resoluci\u00f3n que tomen los diputados, se aprobar\u00e1n algunas reformas que van a permitir a esta secretaria establecer algunas modalidades a la circulaci\u00f3n\u201d, explic\u00f3 Manrique Guevara sobre el programa Hoy No Circula en Puebla.<\/p>\n","protected":false},"excerpt":{"rendered":"<p>Adem\u00e1s de la verificaci\u00f3n vehicular obligatoria ahora existe la posibilidad de que el gobierno del estado active el programa Hoy No Circula en Puebla, as\u00ed lo anunci\u00f3 la secretaria de Medio Ambiente, Beatriz Manrique Guevara. Fue durante la ma\u00f1anera de hoy 19 de octubre del gobernador Barbosa, que la funcionaria estatal detall\u00f3 que con la [&hellip;]<\/p>\n","protected":false},"author":4,"featured_media":15040,"comment_status":"open","ping_status":"open","sticky":false,"template":"","format":"standard","meta":{"om_disable_all_campaigns":false,"_monsterinsights_skip_tracking":false,"_monsterinsights_sitenote_active":false,"_monsterinsights_sitenote_note":"","_monsterinsights_sitenote_category":0,"footnotes":""},"categories":[175],"tags":[195,223],"class_list":["post-15039","post","type-post","status-publish","format-standard","has-post-thumbnail","hentry","category-local","tag-principal","tag-puebla"],"amp_enabled":true,"_links":{"self":[{"href":"https:\/\/lahora.mx\/index.php\/wp-json\/wp\/v2\/posts\/15039","targetHints":{"allow":["GET"]}}],"collection":[{"href":"https:\/\/lahora.mx\/index.php\/wp-json\/wp\/v2\/posts"}],"about":[{"href":"https:\/\/lahora.mx\/index.php\/wp-json\/wp\/v2\/types\/post"}],"author":[{"embeddable":true,"href":"https:\/\/lahora.mx\/index.php\/wp-json\/wp\/v2\/users\/4"}],"replies":[{"embeddable":true,"href":"https:\/\/lahora.mx\/index.php\/wp-json\/wp\/v2\/comments?post=15039"}],"version-history":[{"count":1,"href":"https:\/\/lahora.mx\/index.php\/wp-json\/wp\/v2\/posts\/15039\/revisions"}],"predecessor-version":[{"id":15041,"href":"https:\/\/lahora.mx\/index.php\/wp-json\/wp\/v2\/posts\/15039\/revisions\/15041"}],"wp:featuredmedia":[{"embeddable":true,"href":"https:\/\/lahora.mx\/index.php\/wp-json\/wp\/v2\/media\/15040"}],"wp:attachment":[{"href":"https:\/\/lahora.mx\/index.php\/wp-json\/wp\/v2\/media?parent=15039"}],"wp:term":[{"taxonomy":"category","embeddable":true,"href":"https:\/\/lahora.mx\/index.php\/wp-json\/wp\/v2\/categories?post=15039"},{"taxonomy":"post_tag","embeddable":true,"href":"https:\/\/lahora.mx\/index.php\/wp-json\/wp\/v2\/tags?post=15039"}],"curies":[{"name":"wp","href":"https:\/\/api.w.org\/{rel}","templated":true}]}}