{"id":15033,"date":"2022-10-19T18:25:24","date_gmt":"2022-10-19T18:25:24","guid":{"rendered":"http:\/\/lahora.mx\/?p=15033"},"modified":"2022-10-19T18:26:03","modified_gmt":"2022-10-19T18:26:03","slug":"covid-19-se-mantiene-como-emergencia-sanitaria-mundial-oms","status":"publish","type":"post","link":"https:\/\/lahora.mx\/index.php\/2022\/10\/19\/covid-19-se-mantiene-como-emergencia-sanitaria-mundial-oms\/","title":{"rendered":"Covid-19  Se mantiene como emergencia sanitaria mundial: OMS"},"content":{"rendered":"\n<p>La Organizaci\u00f3n Mundial de la Salud dijo el mi\u00e9rcoles que el covid-19 sigue siendo una emergencia mundial, casi tres a\u00f1os despu\u00e9s de que se declar\u00f3 por primera vez.<\/p>\n\n\n\n<p>El comit\u00e9 de emergencia de la OMS puso al covid-19 en la lista por primera vez el 30 de enero de 2020, una determinaci\u00f3n que ayuda a acelerar la investigaci\u00f3n, la financiaci\u00f3n y las medidas internacionales de salud p\u00fablica para contener una enfermedad.<br><\/p>\n\n\n\n<p>\u201cAunque es obvio que la situaci\u00f3n global ha mejorado desde que empez\u00f3 la pandemia, el virus sigue cambiando y siguen habiendo incertidumbre y muchos riesgos\u201d, declar\u00f3 a la prensa el director general de la OMS, Tedros Adhanom Ghebreyesus.<\/p>\n\n\n\n<p>La agencia de la ONU ha dicho en los \u00faltimos meses que, aunque los casos est\u00e1n bajando en algunas partes del mundo, los pa\u00edses todav\u00eda tienen que mantener la vigilancia e impulsar la vacunaci\u00f3n de sus poblaciones m\u00e1s vulnerables.<\/p>\n\n\n\n<p>\u00abAunque la percepci\u00f3n p\u00fablica es que la pandemia ha terminado en algunas partes del mundo, sigue siendo un acontecimiento de salud p\u00fablica que contin\u00faa afectando adversa y fuertemente la salud de la poblaci\u00f3n mundial\u00bb, dijo el comit\u00e9 de la OMS.<\/p>\n\n\n\n<p>Se\u00f1al\u00f3 que, aunque el n\u00famero de muertes semanales es el m\u00e1s bajo desde que comenz\u00f3 la pandemia, sigue siendo elevado en comparaci\u00f3n con otros virus.<\/p>\n","protected":false},"excerpt":{"rendered":"<p>La Organizaci\u00f3n Mundial de la Salud dijo el mi\u00e9rcoles que el covid-19 sigue siendo una emergencia mundial, casi tres a\u00f1os despu\u00e9s de que se declar\u00f3 por primera vez. El comit\u00e9 de emergencia de la OMS puso al covid-19 en la lista por primera vez el 30 de enero de 2020, una determinaci\u00f3n que ayuda a [&hellip;]<\/p>\n","protected":false},"author":4,"featured_media":15034,"comment_status":"open","ping_status":"open","sticky":false,"template":"","format":"standard","meta":{"om_disable_all_campaigns":false,"_monsterinsights_skip_tracking":false,"_monsterinsights_sitenote_active":false,"_monsterinsights_sitenote_note":"","_monsterinsights_sitenote_category":0,"footnotes":""},"categories":[175],"tags":[],"class_list":["post-15033","post","type-post","status-publish","format-standard","has-post-thumbnail","hentry","category-local"],"amp_enabled":true,"_links":{"self":[{"href":"https:\/\/lahora.mx\/index.php\/wp-json\/wp\/v2\/posts\/15033","targetHints":{"allow":["GET"]}}],"collection":[{"href":"https:\/\/lahora.mx\/index.php\/wp-json\/wp\/v2\/posts"}],"about":[{"href":"https:\/\/lahora.mx\/index.php\/wp-json\/wp\/v2\/types\/post"}],"author":[{"embeddable":true,"href":"https:\/\/lahora.mx\/index.php\/wp-json\/wp\/v2\/users\/4"}],"replies":[{"embeddable":true,"href":"https:\/\/lahora.mx\/index.php\/wp-json\/wp\/v2\/comments?post=15033"}],"version-history":[{"count":1,"href":"https:\/\/lahora.mx\/index.php\/wp-json\/wp\/v2\/posts\/15033\/revisions"}],"predecessor-version":[{"id":15035,"href":"https:\/\/lahora.mx\/index.php\/wp-json\/wp\/v2\/posts\/15033\/revisions\/15035"}],"wp:featuredmedia":[{"embeddable":true,"href":"https:\/\/lahora.mx\/index.php\/wp-json\/wp\/v2\/media\/15034"}],"wp:attachment":[{"href":"https:\/\/lahora.mx\/index.php\/wp-json\/wp\/v2\/media?parent=15033"}],"wp:term":[{"taxonomy":"category","embeddable":true,"href":"https:\/\/lahora.mx\/index.php\/wp-json\/wp\/v2\/categories?post=15033"},{"taxonomy":"post_tag","embeddable":true,"href":"https:\/\/lahora.mx\/index.php\/wp-json\/wp\/v2\/tags?post=15033"}],"curies":[{"name":"wp","href":"https:\/\/api.w.org\/{rel}","templated":true}]}}