{"id":15016,"date":"2022-10-19T02:54:02","date_gmt":"2022-10-19T02:54:02","guid":{"rendered":"http:\/\/lahora.mx\/?p=15016"},"modified":"2022-10-19T03:09:25","modified_gmt":"2022-10-19T03:09:25","slug":"23-campanas-de-reactivacion-social-durante-el-primer-ano-en-la-adminstracion-de-fernando-cortes-betanzos","status":"publish","type":"post","link":"https:\/\/lahora.mx\/index.php\/2022\/10\/19\/23-campanas-de-reactivacion-social-durante-el-primer-ano-en-la-adminstracion-de-fernando-cortes-betanzos\/","title":{"rendered":"23 campa\u00f1as de reactivaci\u00f3n social durante el primer a\u00f1o en La administraci\u00f3n de Fernando Cort\u00e9s Betanzos"},"content":{"rendered":"\n<p>Con el prop\u00f3sito de difundir el quehacer gubernamental de forma transversal e hipermedi\u00e1tica para llegar a toda la ciudadan\u00eda, la Coordinaci\u00f3n General de Comunicaci\u00f3n Social a cargo de Fernando Cort\u00e9s Betanzos durante el primer a\u00f1o de esta Administraci\u00f3n Municipal realiz\u00f3 23 campa\u00f1as que se transmitieron tanto en medios tradicionales como en digitales, abordando temas de reactivaci\u00f3n econ\u00f3mica, seguridad, turismo, entre otros.<\/p>\n\n\n\n<figure class=\"wp-block-image size-full\"><img fetchpriority=\"high\" decoding=\"async\" width=\"691\" height=\"442\" src=\"https:\/\/lahora.mx\/wp-content\/uploads\/2022\/10\/Captura-de-pantalla-2022-10-18-a-las-21.54.15.png\" alt=\"\" class=\"wp-image-15018\" srcset=\"https:\/\/lahora.mx\/wp-content\/uploads\/2022\/10\/Captura-de-pantalla-2022-10-18-a-las-21.54.15.png 691w, https:\/\/lahora.mx\/wp-content\/uploads\/2022\/10\/Captura-de-pantalla-2022-10-18-a-las-21.54.15-300x192.png 300w\" sizes=\"(max-width: 691px) 100vw, 691px\" \/><\/figure>\n\n\n\n<p>As\u00ed mismo, esta Coordinaci\u00f3n fomenta la relaci\u00f3n con due\u00f1os y directores de medios, jefes de informaci\u00f3n, reporteras y reporteros, periodistas gr\u00e1ficos y camar\u00f3grafos para transmitir a la sociedad las acciones implementadas para Corregir el Rumbo, cubriendo eventos diarios y publicando m\u00e1s de 790 piezas informativas; adicionalmente se efect\u00faan estudios de opini\u00f3n para ayudar a las dependencias municipales a que sus tareas se encaminen hacia las necesidades reales de la poblaci\u00f3n.<\/p>\n\n\n\n<figure class=\"wp-block-image size-full\"><img decoding=\"async\" width=\"697\" height=\"446\" src=\"https:\/\/lahora.mx\/wp-content\/uploads\/2022\/10\/Captura-de-pantalla-2022-10-18-a-las-21.54.08.png\" alt=\"\" class=\"wp-image-15019\" srcset=\"https:\/\/lahora.mx\/wp-content\/uploads\/2022\/10\/Captura-de-pantalla-2022-10-18-a-las-21.54.08.png 697w, https:\/\/lahora.mx\/wp-content\/uploads\/2022\/10\/Captura-de-pantalla-2022-10-18-a-las-21.54.08-300x192.png 300w\" sizes=\"(max-width: 697px) 100vw, 697px\" \/><\/figure>\n","protected":false},"excerpt":{"rendered":"<p>Con el prop\u00f3sito de difundir el quehacer gubernamental de forma transversal e hipermedi\u00e1tica para llegar a toda la ciudadan\u00eda, la Coordinaci\u00f3n General de Comunicaci\u00f3n Social a cargo de Fernando Cort\u00e9s Betanzos durante el primer a\u00f1o de esta Administraci\u00f3n Municipal realiz\u00f3 23 campa\u00f1as que se transmitieron tanto en medios tradicionales como en digitales, abordando temas de [&hellip;]<\/p>\n","protected":false},"author":4,"featured_media":15017,"comment_status":"open","ping_status":"open","sticky":false,"template":"","format":"standard","meta":{"om_disable_all_campaigns":false,"_monsterinsights_skip_tracking":false,"_monsterinsights_sitenote_active":false,"_monsterinsights_sitenote_note":"","_monsterinsights_sitenote_category":0,"footnotes":""},"categories":[175],"tags":[195,223],"class_list":["post-15016","post","type-post","status-publish","format-standard","has-post-thumbnail","hentry","category-local","tag-principal","tag-puebla"],"amp_enabled":true,"_links":{"self":[{"href":"https:\/\/lahora.mx\/index.php\/wp-json\/wp\/v2\/posts\/15016","targetHints":{"allow":["GET"]}}],"collection":[{"href":"https:\/\/lahora.mx\/index.php\/wp-json\/wp\/v2\/posts"}],"about":[{"href":"https:\/\/lahora.mx\/index.php\/wp-json\/wp\/v2\/types\/post"}],"author":[{"embeddable":true,"href":"https:\/\/lahora.mx\/index.php\/wp-json\/wp\/v2\/users\/4"}],"replies":[{"embeddable":true,"href":"https:\/\/lahora.mx\/index.php\/wp-json\/wp\/v2\/comments?post=15016"}],"version-history":[{"count":2,"href":"https:\/\/lahora.mx\/index.php\/wp-json\/wp\/v2\/posts\/15016\/revisions"}],"predecessor-version":[{"id":15021,"href":"https:\/\/lahora.mx\/index.php\/wp-json\/wp\/v2\/posts\/15016\/revisions\/15021"}],"wp:featuredmedia":[{"embeddable":true,"href":"https:\/\/lahora.mx\/index.php\/wp-json\/wp\/v2\/media\/15017"}],"wp:attachment":[{"href":"https:\/\/lahora.mx\/index.php\/wp-json\/wp\/v2\/media?parent=15016"}],"wp:term":[{"taxonomy":"category","embeddable":true,"href":"https:\/\/lahora.mx\/index.php\/wp-json\/wp\/v2\/categories?post=15016"},{"taxonomy":"post_tag","embeddable":true,"href":"https:\/\/lahora.mx\/index.php\/wp-json\/wp\/v2\/tags?post=15016"}],"curies":[{"name":"wp","href":"https:\/\/api.w.org\/{rel}","templated":true}]}}