{"id":15009,"date":"2022-10-19T01:29:04","date_gmt":"2022-10-19T01:29:04","guid":{"rendered":"http:\/\/lahora.mx\/?p=15009"},"modified":"2022-10-19T01:29:31","modified_gmt":"2022-10-19T01:29:31","slug":"un-dano-patrimonial-de-98-millones-de-pesos-en-huejotzingo-es-detectado-por-ase","status":"publish","type":"post","link":"https:\/\/lahora.mx\/index.php\/2022\/10\/19\/un-dano-patrimonial-de-98-millones-de-pesos-en-huejotzingo-es-detectado-por-ase\/","title":{"rendered":"Un da\u00f1o patrimonial de 98 millones de pesos en Huejotzingo es detectado por ASE"},"content":{"rendered":"\n<p>La Auditor\u00eda Superior del Estado (ASE) detect\u00f3 un presunto da\u00f1o patrimonial de 98 millones de pesos en el Ayuntamiento de Huejotzingo en el periodo que va del 01 al 31 de diciembre del a\u00f1o 2020, es decir, durante la anterior administraci\u00f3n de Ang\u00e9lica Alvarado Ju\u00e1rez.<\/p>\n\n\n\n<p>La alcaldesa reelecta emanada de Morena, podr\u00e1 entregar la documentaci\u00f3n necesaria que compruebe el destino del dinero que falta por solventar, por lo que hasta que se cumpla el periodo que dicta la ASE, la Comuna no tendr\u00e1 sanciones.<\/p>\n\n\n\n<p>Las observaciones que actualmente debe solventar el ayuntamiento son en los siguientes rubros:<\/p>\n\n\n\n<p>Ayudas sociales a personas \u2013 700 mil 906 pesos<br>Veh\u00edculos y equipo terrestre \u2013 1 mill\u00f3n 472 mil 40 pesos<br>Maquinaria y otros equipos y herramientas \u2013 974 mil 475 pesos<br>Estado de situaci\u00f3n financiera \u2013 29 millones 61 mil 971 pesos<br>Estado de situaci\u00f3n financiera \u2013 632 mil 437 pesos<br>Presupuesto de egresos \u2013 20 millones 203 mil 93 pesos<br>Ingresos \u2013 1 mill\u00f3n 323 mil 555 pesos<br>Productos alimenticios para personas \u2013 1 mill\u00f3n 403 mil 255 pesos<br>Otros materiales y art\u00edculos de construcci\u00f3n y reparaci\u00f3n &#8211; 66 mil 903 pesos<br>Servicios profesionales, cient\u00edficos, t\u00e9cnicos y otros servicios &#8211; 2 millones 387 mil 64 pesos<br>Servicios de instalaci\u00f3n reparaci\u00f3n, mantenimiento y conservaci\u00f3n \u2013 220 mil 900 pesos<br>Gastos de orden social y cultural \u2013 575 mil 600 pesos<br>Expediente t\u00e9cnico de obra p\u00fablica por contrato \u2013 8 millones 996 mil 534 pesos<br>Expediente t\u00e9cnico de obra p\u00fablica por contrato \u2013 2 millones 482 mil 022 pesos<br>Expediente t\u00e9cnico de obra p\u00fablica por contrato \u2013 2 millones 613 mil 969 pesos<br>Expediente t\u00e9cnico de obra p\u00fablica por contrato \u2013 2 millones 601 mil 792 pesos<br>Expediente t\u00e9cnico de obra p\u00fablica por contrato \u2013 2 millones 063 mil 104 pesos<br>Expediente t\u00e9cnico de obra p\u00fablica por contrato \u2013 6 millones 923 mil 439 pesos<br>Expediente t\u00e9cnico de obra p\u00fablica por contrato \u2013 1 mill\u00f3n 882 mil 583 pesos<br>Expediente t\u00e9cnico de obra p\u00fablica por contrato \u2013 7 millones 572 mil 681 pesos<br>Expediente t\u00e9cnico de obra p\u00fablica por contrato \u2013 1 mill\u00f3n 947 mil 173 pesos<br>Expediente t\u00e9cnico de obra p\u00fablica por contrato \u2013 2 millones 339 mil 992 pesos<br><br>Las observaciones equivalen a un total de 98 millones 445 mil 488 pesos y dan cuenta del manejo de recursos y organizaci\u00f3n por parte del ayuntamiento de Huejotzingo en el periodo puesto en revisi\u00f3n.<\/p>\n\n\n\n<p>Esto datos son dados a conocer como parte del Informe Individual que realiz\u00f3 la ASE a la administraci\u00f3n de Ang\u00e9lica Alvarado y es el resultado t\u00e9cnico que emite esta dependencia en ejercicio de su autonom\u00eda t\u00e9cnica y de gesti\u00f3n una vez que ha procedido a revisar, verificar y evaluar la informaci\u00f3n y las consideraciones que ha hecho valer la Entidad Fiscalizada, as\u00ed como el cumplimiento, la congruencia y la razonabilidad de la cuenta p\u00fablica.<\/p>\n\n\n\n<p>Este medio de comunicaci\u00f3n busc\u00f3 a la presidenta municipal, con el objetivo de conocer el avance que lleva en la respuesta a la auditor\u00eda, sin embargo, hasta el cierre de esta nota no se obtuvo respuesta.<\/p>\n","protected":false},"excerpt":{"rendered":"<p>La Auditor\u00eda Superior del Estado (ASE) detect\u00f3 un presunto da\u00f1o patrimonial de 98 millones de pesos en el Ayuntamiento de Huejotzingo en el periodo que va del 01 al 31 de diciembre del a\u00f1o 2020, es decir, durante la anterior administraci\u00f3n de Ang\u00e9lica Alvarado Ju\u00e1rez. La alcaldesa reelecta emanada de Morena, podr\u00e1 entregar la documentaci\u00f3n [&hellip;]<\/p>\n","protected":false},"author":4,"featured_media":15010,"comment_status":"open","ping_status":"open","sticky":false,"template":"","format":"standard","meta":{"om_disable_all_campaigns":false,"_monsterinsights_skip_tracking":false,"_monsterinsights_sitenote_active":false,"_monsterinsights_sitenote_note":"","_monsterinsights_sitenote_category":0,"footnotes":""},"categories":[175],"tags":[],"class_list":["post-15009","post","type-post","status-publish","format-standard","has-post-thumbnail","hentry","category-local"],"amp_enabled":true,"_links":{"self":[{"href":"https:\/\/lahora.mx\/index.php\/wp-json\/wp\/v2\/posts\/15009","targetHints":{"allow":["GET"]}}],"collection":[{"href":"https:\/\/lahora.mx\/index.php\/wp-json\/wp\/v2\/posts"}],"about":[{"href":"https:\/\/lahora.mx\/index.php\/wp-json\/wp\/v2\/types\/post"}],"author":[{"embeddable":true,"href":"https:\/\/lahora.mx\/index.php\/wp-json\/wp\/v2\/users\/4"}],"replies":[{"embeddable":true,"href":"https:\/\/lahora.mx\/index.php\/wp-json\/wp\/v2\/comments?post=15009"}],"version-history":[{"count":1,"href":"https:\/\/lahora.mx\/index.php\/wp-json\/wp\/v2\/posts\/15009\/revisions"}],"predecessor-version":[{"id":15011,"href":"https:\/\/lahora.mx\/index.php\/wp-json\/wp\/v2\/posts\/15009\/revisions\/15011"}],"wp:featuredmedia":[{"embeddable":true,"href":"https:\/\/lahora.mx\/index.php\/wp-json\/wp\/v2\/media\/15010"}],"wp:attachment":[{"href":"https:\/\/lahora.mx\/index.php\/wp-json\/wp\/v2\/media?parent=15009"}],"wp:term":[{"taxonomy":"category","embeddable":true,"href":"https:\/\/lahora.mx\/index.php\/wp-json\/wp\/v2\/categories?post=15009"},{"taxonomy":"post_tag","embeddable":true,"href":"https:\/\/lahora.mx\/index.php\/wp-json\/wp\/v2\/tags?post=15009"}],"curies":[{"name":"wp","href":"https:\/\/api.w.org\/{rel}","templated":true}]}}