{"id":15003,"date":"2022-10-19T01:12:23","date_gmt":"2022-10-19T01:12:23","guid":{"rendered":"http:\/\/lahora.mx\/?p=15003"},"modified":"2022-10-19T01:12:23","modified_gmt":"2022-10-19T01:12:23","slug":"sera-obligatoria-la-verificacion-vehicular-para-transporte-publico-y-para-particulares-seria-en-2023","status":"publish","type":"post","link":"https:\/\/lahora.mx\/index.php\/2022\/10\/19\/sera-obligatoria-la-verificacion-vehicular-para-transporte-publico-y-para-particulares-seria-en-2023\/","title":{"rendered":"Ser\u00e1 obligatoria la verificaci\u00f3n vehicular, para transporte p\u00fablico y para particulares ser\u00eda en 2023"},"content":{"rendered":"\n<p>La verificaci\u00f3n vehicular ser\u00e1 obligatoria solamente para el transporte p\u00fablico y taxis, por lo que los veh\u00edculos particulares quedar\u00e1n exentos de ella al menos durante el \u00faltimo trimestre del a\u00f1o, dejando la puerta abierta para que sea forzosa para ellos en el 2023.<br>La Secretar\u00eda de Medio Ambiente y Ordenamiento Territorial dio a conocer los lineamientos del Programa de Verificaci\u00f3n Obligatoria para los meses de octubre, noviembre y diciembre, en donde tambi\u00e9n se incluyen los costos que tendr\u00e1 dicho proceso, los cuales alcanzan hasta los 628 pesos.<br><\/p>\n\n\n\n<p>Un hecho a destacar es que la verificaci\u00f3n de los veh\u00edculos particulares ser\u00e1 voluntaria durante el \u00faltimo trimestre de este a\u00f1o, por lo que los poblanos no est\u00e1n obligados a hacerla.<\/p>\n\n\n\n<p>\u00abLos veh\u00edculos automotores de uso particular registrados en el Estado, no est\u00e1n obligados a realizar su verificaci\u00f3n vehicular durante los meses de octubre, noviembre y diciembre de 2022\u00bb, se menciona.<\/p>\n\n\n\n<p>En un sentido contrato aquellas unidades que se destinen al transporte p\u00fablico o de taxis, si tendr\u00e1n que realizar este proceso de forma obligada durante los \u00faltimos meses del a\u00f1o en curso.<br>Asimismo, se indica que todo aquel veh\u00edculo que haya verificado de forma voluntaria en otra entidad pero que circule de forma permanente en Puebla, tendr\u00e1 que someterse a dicho proceso.<\/p>\n","protected":false},"excerpt":{"rendered":"<p>La verificaci\u00f3n vehicular ser\u00e1 obligatoria solamente para el transporte p\u00fablico y taxis, por lo que los veh\u00edculos particulares quedar\u00e1n exentos de ella al menos durante el \u00faltimo trimestre del a\u00f1o, dejando la puerta abierta para que sea forzosa para ellos en el 2023.La Secretar\u00eda de Medio Ambiente y Ordenamiento Territorial dio a conocer los lineamientos [&hellip;]<\/p>\n","protected":false},"author":4,"featured_media":15004,"comment_status":"open","ping_status":"open","sticky":false,"template":"","format":"standard","meta":{"om_disable_all_campaigns":false,"_monsterinsights_skip_tracking":false,"_monsterinsights_sitenote_active":false,"_monsterinsights_sitenote_note":"","_monsterinsights_sitenote_category":0,"footnotes":""},"categories":[175],"tags":[195,223],"class_list":["post-15003","post","type-post","status-publish","format-standard","has-post-thumbnail","hentry","category-local","tag-principal","tag-puebla"],"amp_enabled":true,"_links":{"self":[{"href":"https:\/\/lahora.mx\/index.php\/wp-json\/wp\/v2\/posts\/15003","targetHints":{"allow":["GET"]}}],"collection":[{"href":"https:\/\/lahora.mx\/index.php\/wp-json\/wp\/v2\/posts"}],"about":[{"href":"https:\/\/lahora.mx\/index.php\/wp-json\/wp\/v2\/types\/post"}],"author":[{"embeddable":true,"href":"https:\/\/lahora.mx\/index.php\/wp-json\/wp\/v2\/users\/4"}],"replies":[{"embeddable":true,"href":"https:\/\/lahora.mx\/index.php\/wp-json\/wp\/v2\/comments?post=15003"}],"version-history":[{"count":1,"href":"https:\/\/lahora.mx\/index.php\/wp-json\/wp\/v2\/posts\/15003\/revisions"}],"predecessor-version":[{"id":15005,"href":"https:\/\/lahora.mx\/index.php\/wp-json\/wp\/v2\/posts\/15003\/revisions\/15005"}],"wp:featuredmedia":[{"embeddable":true,"href":"https:\/\/lahora.mx\/index.php\/wp-json\/wp\/v2\/media\/15004"}],"wp:attachment":[{"href":"https:\/\/lahora.mx\/index.php\/wp-json\/wp\/v2\/media?parent=15003"}],"wp:term":[{"taxonomy":"category","embeddable":true,"href":"https:\/\/lahora.mx\/index.php\/wp-json\/wp\/v2\/categories?post=15003"},{"taxonomy":"post_tag","embeddable":true,"href":"https:\/\/lahora.mx\/index.php\/wp-json\/wp\/v2\/tags?post=15003"}],"curies":[{"name":"wp","href":"https:\/\/api.w.org\/{rel}","templated":true}]}}