{"id":14999,"date":"2022-10-19T00:56:10","date_gmt":"2022-10-19T00:56:10","guid":{"rendered":"http:\/\/lahora.mx\/?p=14999"},"modified":"2022-10-19T00:56:10","modified_gmt":"2022-10-19T00:56:10","slug":"comision-de-transportes-escucha-propuestas-de-la-sociedad-civil-para-la-conformacion-de-la-ley-de-movilidad","status":"publish","type":"post","link":"https:\/\/lahora.mx\/index.php\/2022\/10\/19\/comision-de-transportes-escucha-propuestas-de-la-sociedad-civil-para-la-conformacion-de-la-ley-de-movilidad\/","title":{"rendered":"Comisi\u00f3n de Transportes escucha propuestas de la sociedad civil para la conformaci\u00f3n de la Ley de Movilidad"},"content":{"rendered":"\n<p>La Comisi\u00f3n de Transportes y Movilidad de la LXI Legislatura del Congreso del Estado, que preside la diputada Isabel Merlo Talavera, sostuvo una reuni\u00f3n de trabajo con diversas organizaciones de la sociedad civil para escuchar sus propuestas y trabajar en la conformaci\u00f3n del proyecto de la Ley de Movilidad y Seguridad Vial del Estado de Puebla.<\/p>\n\n\n\n<p>Durante la sesi\u00f3n, la diputada Isabel Merlo Talavera se\u00f1al\u00f3 la importancia de escuchar las peticiones y necesidades de la sociedad civil organizada que permita enriquecer el trabajo legislativo, para lograr que Puebla cuente con una ley de vanguardia en el pa\u00eds.<\/p>\n\n\n\n<figure class=\"wp-block-image size-full\"><img fetchpriority=\"high\" decoding=\"async\" width=\"695\" height=\"411\" src=\"https:\/\/lahora.mx\/wp-content\/uploads\/2022\/10\/Captura-de-pantalla-2022-10-18-a-las-19.40.09.png\" alt=\"\" class=\"wp-image-15001\" srcset=\"https:\/\/lahora.mx\/wp-content\/uploads\/2022\/10\/Captura-de-pantalla-2022-10-18-a-las-19.40.09.png 695w, https:\/\/lahora.mx\/wp-content\/uploads\/2022\/10\/Captura-de-pantalla-2022-10-18-a-las-19.40.09-300x177.png 300w\" sizes=\"(max-width: 695px) 100vw, 695px\" \/><\/figure>\n\n\n\n<p>Asimismo, las diputadas Guadalupe Yamak Taja, Daniela Mier Ba\u00f1uelos, Nora Merino Escamilla y Patricia Valencia \u00c1vila reiteraron la disposici\u00f3n para mantener las puertas abiertas del Congreso y de la Comisi\u00f3n para escuchar propuestas y continuar trabajando, de manera coordinada y de la mano con la sociedad, para la construcci\u00f3n de la nueva Ley de Movilidad.<\/p>\n\n\n\n<p>Durante sus intervenciones, Alma Jacobo, miembro de Espacio P\u00fablico Filosof\u00eda y Letras; Jos\u00e9 H\u00e9ctor Cort\u00e9s, de Vitalius; Rodrigo Centeno, de Red Puebla para Todos; Norberto S\u00e1nchez Mir\u00f3n; de Visi\u00f3n Urbana 2030; Luz del Carmen Zenteno, de la Asociaci\u00f3n Manu Vive; Arturo Ferrer, de \u00c1rboles Patrimoniales; Julio Covarrubias, del Movimiento Motociclista y Jorge Luis de la Cruz, de Prevenci\u00f3n de Accidentes de Atlixco, manifestaron la importancia de que la nueva Ley sea equitativa e incluyente, con reglas claras que garanticen el uso del espacio p\u00fablico y la inclusi\u00f3n para el traslado de manera segura.<\/p>\n\n\n\n<p>Que tome en cuenta a las personas con discapacidad y atienda la movilidad desde la perspectiva de la vulnerabilidad, la infraestructura vial con el respaldo de normas t\u00e9cnicas de dise\u00f1o eficientes, que incluya la infraestructura verde, as\u00ed como el garantizar el derecho a la movilidad segura de los motociclistas.<\/p>\n\n\n\n<p>En otros puntos del orden del d\u00eda, a petici\u00f3n de la diputada Guadalupe Leal Rodr\u00edguez, las y los integrantes de la Comisi\u00f3n de Transporte avalaron que los puntos 4 y 5, relacionados con Iniciativas y Puntos de Acuerdo de la legislatura anterior, sean dictaminados en la pr\u00f3xima sesi\u00f3n de la Comisi\u00f3n para dar tiempo a su an\u00e1lisis correspondiente.<\/p>\n","protected":false},"excerpt":{"rendered":"<p>La Comisi\u00f3n de Transportes y Movilidad de la LXI Legislatura del Congreso del Estado, que preside la diputada Isabel Merlo Talavera, sostuvo una reuni\u00f3n de trabajo con diversas organizaciones de la sociedad civil para escuchar sus propuestas y trabajar en la conformaci\u00f3n del proyecto de la Ley de Movilidad y Seguridad Vial del Estado de [&hellip;]<\/p>\n","protected":false},"author":4,"featured_media":15000,"comment_status":"open","ping_status":"open","sticky":false,"template":"","format":"standard","meta":{"om_disable_all_campaigns":false,"_monsterinsights_skip_tracking":false,"_monsterinsights_sitenote_active":false,"_monsterinsights_sitenote_note":"","_monsterinsights_sitenote_category":0,"footnotes":""},"categories":[175],"tags":[223],"class_list":["post-14999","post","type-post","status-publish","format-standard","has-post-thumbnail","hentry","category-local","tag-puebla"],"amp_enabled":true,"_links":{"self":[{"href":"https:\/\/lahora.mx\/index.php\/wp-json\/wp\/v2\/posts\/14999","targetHints":{"allow":["GET"]}}],"collection":[{"href":"https:\/\/lahora.mx\/index.php\/wp-json\/wp\/v2\/posts"}],"about":[{"href":"https:\/\/lahora.mx\/index.php\/wp-json\/wp\/v2\/types\/post"}],"author":[{"embeddable":true,"href":"https:\/\/lahora.mx\/index.php\/wp-json\/wp\/v2\/users\/4"}],"replies":[{"embeddable":true,"href":"https:\/\/lahora.mx\/index.php\/wp-json\/wp\/v2\/comments?post=14999"}],"version-history":[{"count":1,"href":"https:\/\/lahora.mx\/index.php\/wp-json\/wp\/v2\/posts\/14999\/revisions"}],"predecessor-version":[{"id":15002,"href":"https:\/\/lahora.mx\/index.php\/wp-json\/wp\/v2\/posts\/14999\/revisions\/15002"}],"wp:featuredmedia":[{"embeddable":true,"href":"https:\/\/lahora.mx\/index.php\/wp-json\/wp\/v2\/media\/15000"}],"wp:attachment":[{"href":"https:\/\/lahora.mx\/index.php\/wp-json\/wp\/v2\/media?parent=14999"}],"wp:term":[{"taxonomy":"category","embeddable":true,"href":"https:\/\/lahora.mx\/index.php\/wp-json\/wp\/v2\/categories?post=14999"},{"taxonomy":"post_tag","embeddable":true,"href":"https:\/\/lahora.mx\/index.php\/wp-json\/wp\/v2\/tags?post=14999"}],"curies":[{"name":"wp","href":"https:\/\/api.w.org\/{rel}","templated":true}]}}