{"id":14890,"date":"2022-10-17T18:11:05","date_gmt":"2022-10-17T18:11:05","guid":{"rendered":"http:\/\/lahora.mx\/?p=14890"},"modified":"2022-10-17T18:11:06","modified_gmt":"2022-10-17T18:11:06","slug":"cuatro-calles-de-las-colonias-bosques-de-manzanilla-y-lomas-de-tzilotzoni-son-renovadas-con-el-programa-construyendo-contigo","status":"publish","type":"post","link":"https:\/\/lahora.mx\/index.php\/2022\/10\/17\/cuatro-calles-de-las-colonias-bosques-de-manzanilla-y-lomas-de-tzilotzoni-son-renovadas-con-el-programa-construyendo-contigo\/","title":{"rendered":"Cuatro calles de las colonias  Bosques de Manzanilla y Lomas de Tzilotzoni son renovadas con el programa  \u00abConstruyendo Contigo\u00bb"},"content":{"rendered":"\n<p>El trabajo participativo de las comunidades vecinales del Municipio con el Ayuntamiento de Puebla est\u00e1 rindiendo frutos que se traducen en m\u00e1s \u2018Calles de 10\u2019, como en Bosques de Manzanilla y Lomas de Tzilotzoni, donde la gente se sum\u00f3 al programa \u201cConstruyendo Contigo\u201d y por ello ya est\u00e1 estrenando cuatro obras de adocreto.<\/p>\n\n\n\n<p>\u201cEste programa es un gran \u00e9xito. Les destinamos 50 millones de pesos este a\u00f1o y he dado la indicaci\u00f3n de duplicar este fondo a 100 millones de pesos\u201d, porque lo que le interesa a este gobierno es seguir Corrigiendo el Rumbo de Puebla de la mano con la ciudadan\u00eda, celebr\u00f3 Eduardo Rivera P\u00e9rez, Alcalde de la Capital, desde la colonia Bosques de Manzanilla, en compa\u00f1\u00eda de las vecinas y vecinos que pusieron la mano de obra para intervenir la calle Jacaranda.<\/p>\n\n\n\n<p>Cabe destacar que de forma simult\u00e1nea, la Comuna tambi\u00e9n hizo entrega de la calle Olmo, en esa misma localidad, as\u00ed como de la calle Tl\u00e1loc y la privada Nezahualc\u00f3yotl, en la Lomas de Tzilotzoni, donde fue la Secretar\u00eda de Movilidad e Infraestructura la que proporcion\u00f3 los materiales de construcci\u00f3n y realiz\u00f3 una inversi\u00f3n total para las cuatro obras de 3.8 millones de pesos.<\/p>\n\n\n\n<figure class=\"wp-block-image size-full\"><img fetchpriority=\"high\" decoding=\"async\" width=\"837\" height=\"429\" src=\"https:\/\/lahora.mx\/wp-content\/uploads\/2022\/10\/Captura-de-pantalla-2022-10-17-a-las-13.04.41.png\" alt=\"\" class=\"wp-image-14893\" srcset=\"https:\/\/lahora.mx\/wp-content\/uploads\/2022\/10\/Captura-de-pantalla-2022-10-17-a-las-13.04.41.png 837w, https:\/\/lahora.mx\/wp-content\/uploads\/2022\/10\/Captura-de-pantalla-2022-10-17-a-las-13.04.41-300x154.png 300w, https:\/\/lahora.mx\/wp-content\/uploads\/2022\/10\/Captura-de-pantalla-2022-10-17-a-las-13.04.41-768x394.png 768w\" sizes=\"(max-width: 837px) 100vw, 837px\" \/><\/figure>\n\n\n\n<p>Es as\u00ed como ahora estas v\u00edas son espacios de tr\u00e1nsito y convivencia digna, con cuatro mil metros cuadrados de adoqu\u00edn, banquetas y guarniciones donde la dignificaci\u00f3n f\u00edsica del entorno permitir\u00e1 fortalecer los lazos de cohesi\u00f3n entre las comunidades e impulsar la participaci\u00f3n vecinal en favor del mantenimiento de sus nuevas calles, agreg\u00f3 en su oportunidad Christian Lucero Guzm\u00e1n Jim\u00e9nez, Regidora Presidenta de la Regidora Presidenta Comisi\u00f3n de Igualdad de G\u00e9nero y Derechos Humanos.<\/p>\n\n\n\n<figure class=\"wp-block-image size-full\"><img decoding=\"async\" width=\"697\" height=\"458\" src=\"https:\/\/lahora.mx\/wp-content\/uploads\/2022\/10\/Captura-de-pantalla-2022-10-17-a-las-13.04.31.png\" alt=\"\" class=\"wp-image-14894\" srcset=\"https:\/\/lahora.mx\/wp-content\/uploads\/2022\/10\/Captura-de-pantalla-2022-10-17-a-las-13.04.31.png 697w, https:\/\/lahora.mx\/wp-content\/uploads\/2022\/10\/Captura-de-pantalla-2022-10-17-a-las-13.04.31-300x197.png 300w\" sizes=\"(max-width: 697px) 100vw, 697px\" \/><\/figure>\n\n\n\n<p>Acompa\u00f1aron el corte de list\u00f3n de la calle Jacaranda: Mat\u00edas Rivero Marines, Secretario de Bienestar y Participaci\u00f3n Ciudadana; Edgar V\u00e9lez Tirado, Secretario de Movilidad e Infraestructura; Adolfo Reyes P\u00e9rez Torres, Presidente Auxiliar de La Resurrecci\u00f3n; Karina Mendoza Rosales, Jefa de Polic\u00eda Zona 3; as\u00ed como \u00c1ngel Chantres L\u00f3pez, Presidente del Comit\u00e9 de Obra de la calle, en compa\u00f1\u00eda de vecinas y vecinos del lugar.<\/p>\n\n\n\n<p>En tanto, la entrega de la calle Tl\u00e1loc y la privada Nezahualc\u00f3yotl estuvo encabezada por Ad\u00e1n Dom\u00ednguez S\u00e1nchez, Gerente Municipal; mientras que la calle Olmo fue inaugurada por Myriam Arabian Couttolenc, Titular de la Secretar\u00eda de Medio Ambiente.<\/p>\n","protected":false},"excerpt":{"rendered":"<p>El trabajo participativo de las comunidades vecinales del Municipio con el Ayuntamiento de Puebla est\u00e1 rindiendo frutos que se traducen en m\u00e1s \u2018Calles de 10\u2019, como en Bosques de Manzanilla y Lomas de Tzilotzoni, donde la gente se sum\u00f3 al programa \u201cConstruyendo Contigo\u201d y por ello ya est\u00e1 estrenando cuatro obras de adocreto. \u201cEste programa [&hellip;]<\/p>\n","protected":false},"author":4,"featured_media":14892,"comment_status":"open","ping_status":"open","sticky":false,"template":"","format":"standard","meta":{"om_disable_all_campaigns":false,"_monsterinsights_skip_tracking":false,"_monsterinsights_sitenote_active":false,"_monsterinsights_sitenote_note":"","_monsterinsights_sitenote_category":0,"footnotes":""},"categories":[175],"tags":[223],"class_list":["post-14890","post","type-post","status-publish","format-standard","has-post-thumbnail","hentry","category-local","tag-puebla"],"amp_enabled":true,"_links":{"self":[{"href":"https:\/\/lahora.mx\/index.php\/wp-json\/wp\/v2\/posts\/14890","targetHints":{"allow":["GET"]}}],"collection":[{"href":"https:\/\/lahora.mx\/index.php\/wp-json\/wp\/v2\/posts"}],"about":[{"href":"https:\/\/lahora.mx\/index.php\/wp-json\/wp\/v2\/types\/post"}],"author":[{"embeddable":true,"href":"https:\/\/lahora.mx\/index.php\/wp-json\/wp\/v2\/users\/4"}],"replies":[{"embeddable":true,"href":"https:\/\/lahora.mx\/index.php\/wp-json\/wp\/v2\/comments?post=14890"}],"version-history":[{"count":1,"href":"https:\/\/lahora.mx\/index.php\/wp-json\/wp\/v2\/posts\/14890\/revisions"}],"predecessor-version":[{"id":14895,"href":"https:\/\/lahora.mx\/index.php\/wp-json\/wp\/v2\/posts\/14890\/revisions\/14895"}],"wp:featuredmedia":[{"embeddable":true,"href":"https:\/\/lahora.mx\/index.php\/wp-json\/wp\/v2\/media\/14892"}],"wp:attachment":[{"href":"https:\/\/lahora.mx\/index.php\/wp-json\/wp\/v2\/media?parent=14890"}],"wp:term":[{"taxonomy":"category","embeddable":true,"href":"https:\/\/lahora.mx\/index.php\/wp-json\/wp\/v2\/categories?post=14890"},{"taxonomy":"post_tag","embeddable":true,"href":"https:\/\/lahora.mx\/index.php\/wp-json\/wp\/v2\/tags?post=14890"}],"curies":[{"name":"wp","href":"https:\/\/api.w.org\/{rel}","templated":true}]}}