{"id":14887,"date":"2022-10-17T17:08:31","date_gmt":"2022-10-17T17:08:31","guid":{"rendered":"http:\/\/lahora.mx\/?p=14887"},"modified":"2022-10-17T17:08:31","modified_gmt":"2022-10-17T17:08:31","slug":"este-24-de-octubre-comienza-la-verificacion-vehicular-en-puebla","status":"publish","type":"post","link":"https:\/\/lahora.mx\/index.php\/2022\/10\/17\/este-24-de-octubre-comienza-la-verificacion-vehicular-en-puebla\/","title":{"rendered":"Este 24 de octubre comienza la verificaci\u00f3n vehicular en Puebla"},"content":{"rendered":"\n<p>El mandatario estatal, Miguel Barbosa Huerta dio a conocer que el pr\u00f3ximo 24 de octubre inicia la verificaci\u00f3n vehicular en Puebla.<\/p>\n\n\n\n<p>De acuerdo con el Peri\u00f3dico Oficial del Estado, para est anueva etapa de revisi\u00f3n de contaminantes en los autom\u00f3viles que circulan por la entidad, se deber\u00e1n acreditar cinco filtros, iniciando con el expediente que debe existir de la unidad, as\u00ed como su historial de pagos al corriente.<\/p>\n\n\n\n<p>En la cuesti\u00f3n t\u00e9cnica, deber\u00e1 cumplir requerimientos en pro\u00adfund\u00edmetro, alineador al paso, banco de suspensiones, fren\u00f3metro de rodillos y el detector de holguras; tap\u00f3n de gasolina, bayoneta de aceite del mo\u00adtor, tap\u00f3n de aceite del motor, porta fil\u00adtro de aire, presi\u00f3n positiva del tubo de escape, fugas del motor o transmisi\u00f3n, desgaste o deformaci\u00f3n de neum\u00e1ticos, componentes de control de emisi\u00f3n y sis\u00adtema de diagn\u00f3stico a bordo.<br>Luego de ello se pasar\u00e1 a la calibraci\u00f3n del dinam\u00f3metro, de acuerdo con la norma NOM-047-SEMARNAT-2014 o la que la sustituya, para finalmente pasar a la impresi\u00f3n del comprobante y el pago correspondiente.<br>De acuerdo con la convocatoria emi\u00adtida por la Secretar\u00eda de Medio Ambien\u00adte, Desarrollo Sustentable y Ordenamien\u00adto Territorial (Smadsot) estatal, se con\u00adtar\u00e1 con 34 centros de verificaci\u00f3n vehi\u00adcular distribuidos en 20 municipios, en\u00adtre los que se encuentran Puebla capital, Tehuac\u00e1n, Atlixco y San Pedro Cholula.<\/p>\n","protected":false},"excerpt":{"rendered":"<p>El mandatario estatal, Miguel Barbosa Huerta dio a conocer que el pr\u00f3ximo 24 de octubre inicia la verificaci\u00f3n vehicular en Puebla. De acuerdo con el Peri\u00f3dico Oficial del Estado, para est anueva etapa de revisi\u00f3n de contaminantes en los autom\u00f3viles que circulan por la entidad, se deber\u00e1n acreditar cinco filtros, iniciando con el expediente que [&hellip;]<\/p>\n","protected":false},"author":4,"featured_media":14888,"comment_status":"open","ping_status":"open","sticky":false,"template":"","format":"standard","meta":{"om_disable_all_campaigns":false,"_monsterinsights_skip_tracking":false,"_monsterinsights_sitenote_active":false,"_monsterinsights_sitenote_note":"","_monsterinsights_sitenote_category":0,"footnotes":""},"categories":[175],"tags":[195,223],"class_list":["post-14887","post","type-post","status-publish","format-standard","has-post-thumbnail","hentry","category-local","tag-principal","tag-puebla"],"amp_enabled":true,"_links":{"self":[{"href":"https:\/\/lahora.mx\/index.php\/wp-json\/wp\/v2\/posts\/14887","targetHints":{"allow":["GET"]}}],"collection":[{"href":"https:\/\/lahora.mx\/index.php\/wp-json\/wp\/v2\/posts"}],"about":[{"href":"https:\/\/lahora.mx\/index.php\/wp-json\/wp\/v2\/types\/post"}],"author":[{"embeddable":true,"href":"https:\/\/lahora.mx\/index.php\/wp-json\/wp\/v2\/users\/4"}],"replies":[{"embeddable":true,"href":"https:\/\/lahora.mx\/index.php\/wp-json\/wp\/v2\/comments?post=14887"}],"version-history":[{"count":1,"href":"https:\/\/lahora.mx\/index.php\/wp-json\/wp\/v2\/posts\/14887\/revisions"}],"predecessor-version":[{"id":14889,"href":"https:\/\/lahora.mx\/index.php\/wp-json\/wp\/v2\/posts\/14887\/revisions\/14889"}],"wp:featuredmedia":[{"embeddable":true,"href":"https:\/\/lahora.mx\/index.php\/wp-json\/wp\/v2\/media\/14888"}],"wp:attachment":[{"href":"https:\/\/lahora.mx\/index.php\/wp-json\/wp\/v2\/media?parent=14887"}],"wp:term":[{"taxonomy":"category","embeddable":true,"href":"https:\/\/lahora.mx\/index.php\/wp-json\/wp\/v2\/categories?post=14887"},{"taxonomy":"post_tag","embeddable":true,"href":"https:\/\/lahora.mx\/index.php\/wp-json\/wp\/v2\/tags?post=14887"}],"curies":[{"name":"wp","href":"https:\/\/api.w.org\/{rel}","templated":true}]}}