{"id":14880,"date":"2022-10-17T16:56:43","date_gmt":"2022-10-17T16:56:43","guid":{"rendered":"http:\/\/lahora.mx\/?p=14880"},"modified":"2022-10-17T16:56:44","modified_gmt":"2022-10-17T16:56:44","slug":"comisiones-unidas-del-congreso-aprueban-exhorto-a-favor-de-personas-con-discapacidad","status":"publish","type":"post","link":"https:\/\/lahora.mx\/index.php\/2022\/10\/17\/comisiones-unidas-del-congreso-aprueban-exhorto-a-favor-de-personas-con-discapacidad\/","title":{"rendered":"Comisiones Unidas del Congreso aprueban exhorto a favor de personas con discapacidad"},"content":{"rendered":"\n<p>En Comisiones Unidas de Asuntos Municipales y de Atenci\u00f3n a Personas con Discapacidad del Congreso del Estado, que presidi\u00f3 el diputado Adolfo Alatriste Cant\u00fa y la legisladora Guadalupe Yamak Taja, se aprob\u00f3 por unanimidad el Punto de Acuerdo para que los ayuntamientos de la entidad sufraguen el traslado de las personas con discapacidad, que tengan que desplazarse fuera de sus municipios para tramitar su constancia m\u00e9dica que les permita obtener la \u201cPensi\u00f3n para el Bienestar de las Personas con Discapacidad Permanente\u201d.<\/p>\n\n\n\n<p>En sus intervenciones, las diputadas Guadalupe Yamak Taja y Tonantzin Fern\u00e1ndez D\u00edaz externaron su apoyo a la Iniciativa presentada originalmente por la diputada Azucena Rosas Tapia, con la finalidad de que los gobiernos municipales apoyen a las personas con discapacidad, para que puedan acceder a mayores beneficios.<\/p>\n\n\n\n<p>La diputada Isabel Merlo Talavera tambi\u00e9n manifest\u00f3 su voto a favor del Acuerdo; no obstante, se\u00f1al\u00f3 la necesidad de tomar en cuenta la asignaci\u00f3n de m\u00e1s recursos a los municipios, ante la mayor cantidad de responsabilidades que se les asigna, con la finalidad de cumplir con los objetivos.<\/p>\n\n\n\n<p>A la sesi\u00f3n de Comisiones Unidas asistieron las y los diputados, Adolfo Alatriste Cant\u00fa, Edgar Garmendia de los Santos, Iliana Jocelyn Olivares L\u00f3pez, Guadalupe Yamak Taja, Guadalupe Leal Rodr\u00edguez, Tonantzin Fern\u00e1ndez D\u00edaz, Jos\u00e9 Iv\u00e1n Herrera Villag\u00f3mez, Isabel Merlo Talavera, Ruth Z\u00e1rate Dom\u00ednguez, Eduardo Castillo L\u00f3pez, Karla Rodr\u00edguez Palacios y M\u00f3nica Silva Ruiz.<\/p>\n\n\n\n<p>COMISIONES UNIDAS DE SALUD Y DE ASUNTOS MUNICIPALES APRUEBAN EXHORTO PARA QUE POBLACI\u00d3N SE VACUNE CONTRA LA INFLUENZA<\/p>\n\n\n\n<p>Por otra parte, en Comisiones Unidas de Salud y de Asuntos Municipales, que presidi\u00f3 la diputada Azucena Rosas Tapia y el diputado Adolfo Alatriste Cant\u00fa, las y los integrantes de los \u00f3rganos colegiados avalaron el exhorto a la Secretar\u00eda de Salud estatal para que implemente, para esta temporada de frentes fr\u00edos, una campa\u00f1a de difusi\u00f3n en las que prevenga y se recomiende a la poblaci\u00f3n del estado vacunarse contra influenza, cubrir nariz y boca y evitar cambios bruscos de temperatura.<\/p>\n\n\n\n<p>El Punto de Acuerdo presentado originalmente por la diputada Norma Sirley Reyes Cabrera fue aprobado por unanimidad.<\/p>\n\n\n\n<p>A las comisiones unidas de los \u00f3rganos colegiados asistieron las y los diputados Azucena Rosas Tapia, Adolfo Alatriste Cant\u00fa, Edgar Garmendia de los Santos, Jos\u00e9 Antonio L\u00f3pez Ruiz, Aurora Sierra Rodr\u00edguez, Roberto Sol\u00eds Valles, Eduardo Castillo L\u00f3pez, Karla Rodr\u00edguez Palacios, M\u00f3nica Silva Ruiz, Tonantzin Fern\u00e1ndez D\u00edaz, Laura Zapata Mart\u00ednez y Xel Arianna Hern\u00e1ndez Garc\u00eda.<\/p>\n\n\n\n<p>LA COMISI\u00d3N DE SALUD AVAL\u00d3 EXHORTOS PARA LA ATENCI\u00d3N DE DIABETES Y LA IMPLEMENTACI\u00d3N DE PROGRAMAS DE ATENCI\u00d3N MENTAL<\/p>\n\n\n\n<p>En la Comisi\u00f3n de Salud, que presidi\u00f3 la diputada Azucena Rosas Tapia, se aprob\u00f3 por unanimidad el Acuerdo presentado por la diputada Laura Zapata Mart\u00ednez, para exhortar al Gobierno del Estado a implementar pol\u00edticas p\u00fablicas para dar atenci\u00f3n gratuita a aquellas personas de escasos recursos que padezcan diabetes mellitus tipo 1.<\/p>\n\n\n\n<figure class=\"wp-block-image size-full\"><img fetchpriority=\"high\" decoding=\"async\" width=\"703\" height=\"461\" src=\"https:\/\/lahora.mx\/wp-content\/uploads\/2022\/10\/Captura-de-pantalla-2022-10-17-a-las-11.53.31.png\" alt=\"\" class=\"wp-image-14885\" srcset=\"https:\/\/lahora.mx\/wp-content\/uploads\/2022\/10\/Captura-de-pantalla-2022-10-17-a-las-11.53.31.png 703w, https:\/\/lahora.mx\/wp-content\/uploads\/2022\/10\/Captura-de-pantalla-2022-10-17-a-las-11.53.31-300x197.png 300w\" sizes=\"(max-width: 703px) 100vw, 703px\" \/><\/figure>\n\n\n\n<p>En su intervenci\u00f3n, la diputada Azucena Rosas Tapia, destac\u00f3 el acierto para que en la propuesta legislativa se incluyera la generaci\u00f3n de programas en deporte, nutrici\u00f3n y alimentaci\u00f3n, como medida trascendental de prevenci\u00f3n y control de la enfermedad.<\/p>\n\n\n\n<p>En otro punto, tambi\u00e9n se aprob\u00f3 el Acuerdo presentado por la diputada Norma Sirley Reyes Cabrera, para solicitar a la Secretar\u00eda de Salud estatal a implementar una pol\u00edtica p\u00fablica que tenga por objeto concientizar a las madres, padres o quien ejerce la patria potestad de las ni\u00f1as, ni\u00f1os y adolescentes, sobre el riesgo y consecuencias de salud que conlleva la ingesta de alimentos con un alto contenido cal\u00f3rico en los menores de edad.<\/p>\n\n\n\n<p>Esto, con la finalidad de reducir el sobrepeso en este sector poblacional, as\u00ed como fomentar actividades f\u00edsicas en familia.<\/p>\n\n\n\n<p>Por otra parte, las y los diputados avalaron de manera un\u00e1nime el exhorto presentado por la diputada Isabel Merlo Talavera, para exhortar al Centro Estatal de Salud Mental y dem\u00e1s autoridades involucradas a que elaboren un programa preventivo de atenci\u00f3n psicol\u00f3gica a ni\u00f1as, ni\u00f1os y adolescentes en las escuelas p\u00fablicas.<\/p>\n\n\n\n<p>COMISI\u00d3N DE SALUD PRESENT\u00d3 INFORME DE TRABAJO LEGISLATIVO<\/p>\n\n\n\n<p>Durante la sesi\u00f3n, la diputada Azucena Rosas Tapia dio a conocer el Informe Anual de Trabajo de la Comisi\u00f3n de Salud, donde destac\u00f3 la realizaci\u00f3n de 13 sesiones, con la aprobaci\u00f3n de 18 Iniciativas y Puntos de Acuerdo, a favor de la salud de las y los poblanos.<\/p>\n\n\n\n<p>La diputada Aurora Sierra Rodr\u00edguez destac\u00f3 la participaci\u00f3n de sus pares para legislar en el tema de la atenci\u00f3n y prevenci\u00f3n de salud mental y el acoso escolar. Por su parte, el diputado Jos\u00e9 Antonio L\u00f3pez Ruiz subray\u00f3 la vinculaci\u00f3n que se ha llevado a cabo con la Secretar\u00eda de Salud, para atender los requerimientos de las y los poblanos.<\/p>\n\n\n\n<p>A la Comisi\u00f3n de Salud asistieron las y los diputados Azucena Rosas Tapia, Aurora Sierra Rodr\u00edguez, Xel Arianna Hern\u00e1ndez, Laura Zapata Mart\u00ednez, Roberto Sol\u00eds Valles y Jos\u00e9 Antonio L\u00f3pez Ruiz.<\/p>\n","protected":false},"excerpt":{"rendered":"<p>En Comisiones Unidas de Asuntos Municipales y de Atenci\u00f3n a Personas con Discapacidad del Congreso del Estado, que presidi\u00f3 el diputado Adolfo Alatriste Cant\u00fa y la legisladora Guadalupe Yamak Taja, se aprob\u00f3 por unanimidad el Punto de Acuerdo para que los ayuntamientos de la entidad sufraguen el traslado de las personas con discapacidad, que tengan [&hellip;]<\/p>\n","protected":false},"author":4,"featured_media":14884,"comment_status":"open","ping_status":"open","sticky":false,"template":"","format":"standard","meta":{"om_disable_all_campaigns":false,"_monsterinsights_skip_tracking":false,"_monsterinsights_sitenote_active":false,"_monsterinsights_sitenote_note":"","_monsterinsights_sitenote_category":0,"footnotes":""},"categories":[175],"tags":[223],"class_list":["post-14880","post","type-post","status-publish","format-standard","has-post-thumbnail","hentry","category-local","tag-puebla"],"amp_enabled":true,"_links":{"self":[{"href":"https:\/\/lahora.mx\/index.php\/wp-json\/wp\/v2\/posts\/14880","targetHints":{"allow":["GET"]}}],"collection":[{"href":"https:\/\/lahora.mx\/index.php\/wp-json\/wp\/v2\/posts"}],"about":[{"href":"https:\/\/lahora.mx\/index.php\/wp-json\/wp\/v2\/types\/post"}],"author":[{"embeddable":true,"href":"https:\/\/lahora.mx\/index.php\/wp-json\/wp\/v2\/users\/4"}],"replies":[{"embeddable":true,"href":"https:\/\/lahora.mx\/index.php\/wp-json\/wp\/v2\/comments?post=14880"}],"version-history":[{"count":2,"href":"https:\/\/lahora.mx\/index.php\/wp-json\/wp\/v2\/posts\/14880\/revisions"}],"predecessor-version":[{"id":15692,"href":"https:\/\/lahora.mx\/index.php\/wp-json\/wp\/v2\/posts\/14880\/revisions\/15692"}],"wp:featuredmedia":[{"embeddable":true,"href":"https:\/\/lahora.mx\/index.php\/wp-json\/wp\/v2\/media\/14884"}],"wp:attachment":[{"href":"https:\/\/lahora.mx\/index.php\/wp-json\/wp\/v2\/media?parent=14880"}],"wp:term":[{"taxonomy":"category","embeddable":true,"href":"https:\/\/lahora.mx\/index.php\/wp-json\/wp\/v2\/categories?post=14880"},{"taxonomy":"post_tag","embeddable":true,"href":"https:\/\/lahora.mx\/index.php\/wp-json\/wp\/v2\/tags?post=14880"}],"curies":[{"name":"wp","href":"https:\/\/api.w.org\/{rel}","templated":true}]}}