{"id":14876,"date":"2022-10-17T15:48:19","date_gmt":"2022-10-17T15:48:19","guid":{"rendered":"http:\/\/lahora.mx\/?p=14876"},"modified":"2022-10-17T15:48:20","modified_gmt":"2022-10-17T15:48:20","slug":"convoca-sergio-salomon-a-morenistas-a-luchar-para-que-no-regrese-el-mal-pasado","status":"publish","type":"post","link":"https:\/\/lahora.mx\/index.php\/2022\/10\/17\/convoca-sergio-salomon-a-morenistas-a-luchar-para-que-no-regrese-el-mal-pasado\/","title":{"rendered":"Convoca Sergio Salomo\u0301n a morenistas a luchar para que no regrese el mal pasado"},"content":{"rendered":"\n<p>Ante militantes y simpatizantes de Morena reunidos en diferentes asambleas informativas, el diputado local, Sergio Salom\u00f3n C\u00e9spedes Peregrina convoc\u00f3 a trabajar en conjunto y luchar para que no regrese el mal pasado, que s\u00f3lo benefici\u00f3 a los ricos y dej\u00f3 a un lado a los pobres.<\/p>\n\n\n\n<p>Este fin de semana, el presidente de la Junta de Gobierno y Coordinaci\u00f3n Pol\u00edtica del Congreso del Estado estuvo presente en las asambleas informativas que se realizaron en San Pedro Cholula, Cuautlancingo, Zacapoaxtla, Tlatlauquitepec y Teziutl\u00e1n.<\/p>\n\n\n\n<p>Durante las asambleas, los presentes coincidieron en la necesidad de acabar con la corrupci\u00f3n y la desigualdad, tambi\u00e9n en sumar esfuerzos para evitar que regresen los malos gobiernos, y refrendar el apoyo de Morena para consolidar la Cuarta Transformaci\u00f3n en todo el pa\u00eds y el estado de Puebla.<\/p>\n\n\n\n<figure class=\"wp-block-image size-full\"><img fetchpriority=\"high\" decoding=\"async\" width=\"552\" height=\"404\" src=\"https:\/\/lahora.mx\/wp-content\/uploads\/2022\/10\/Captura-de-pantalla-2022-10-17-a-las-10.34.25.png\" alt=\"\" class=\"wp-image-14878\" srcset=\"https:\/\/lahora.mx\/wp-content\/uploads\/2022\/10\/Captura-de-pantalla-2022-10-17-a-las-10.34.25.png 552w, https:\/\/lahora.mx\/wp-content\/uploads\/2022\/10\/Captura-de-pantalla-2022-10-17-a-las-10.34.25-300x220.png 300w\" sizes=\"(max-width: 552px) 100vw, 552px\" \/><\/figure>\n\n\n\n<p>En su mensaje, Sergio Salom\u00f3n expuso que en Puebla se trabaja para fortalecer el movimiento y reforzar los principios de Morena y la Cuarta Transformaci\u00f3n, la finalidad es generar condiciones de justicia social.<\/p>\n\n\n\n<p>\u201cHoy tenemos que hacer un gran ej\u00e9rcito, desde aqu\u00ed, desde Zacapoaxtla, desde Puebla, en todo M\u00e9xico, para que luchemos juntos y no regrese el mal pasado, ese mal pasado que lastim\u00f3 e hizo posible que la desigualdad fuera real y solamente beneficiaba a los ricos y dejaba a un lado a los pobres, esa es la causa y la bandera de Morena\u201d, dijo en una de las asambleas.<\/p>\n\n\n\n<p>Finalmente, como parte de las asambleas, los militantes y simpatizantes de Morena dieron su respaldo al presidente Andr\u00e9s Manuel L\u00f3pez Obrador, e incluso a Claudia Sheinbaum, una de las aspirantes a la presidencia de la Rep\u00fablica.<\/p>\n\n\n\n<p>Sergio Salom\u00f3n C\u00e9spedes comparti\u00f3 estas reuniones con los integrantes del Consejo Estatal de Morena, Julio Huerta y Andr\u00e9s Villegas, tambi\u00e9n con la secretaria y los secretarios de Estado, Olivia Salom\u00f3n, Jos\u00e9 Antonio Mart\u00ednez Garc\u00eda y Melit\u00f3n Lozano.<\/p>\n","protected":false},"excerpt":{"rendered":"<p>Ante militantes y simpatizantes de Morena reunidos en diferentes asambleas informativas, el diputado local, Sergio Salom\u00f3n C\u00e9spedes Peregrina convoc\u00f3 a trabajar en conjunto y luchar para que no regrese el mal pasado, que s\u00f3lo benefici\u00f3 a los ricos y dej\u00f3 a un lado a los pobres. Este fin de semana, el presidente de la Junta [&hellip;]<\/p>\n","protected":false},"author":4,"featured_media":14877,"comment_status":"open","ping_status":"open","sticky":false,"template":"","format":"standard","meta":{"om_disable_all_campaigns":false,"_monsterinsights_skip_tracking":false,"_monsterinsights_sitenote_active":false,"_monsterinsights_sitenote_note":"","_monsterinsights_sitenote_category":0,"footnotes":""},"categories":[175],"tags":[223],"class_list":["post-14876","post","type-post","status-publish","format-standard","has-post-thumbnail","hentry","category-local","tag-puebla"],"amp_enabled":true,"_links":{"self":[{"href":"https:\/\/lahora.mx\/index.php\/wp-json\/wp\/v2\/posts\/14876","targetHints":{"allow":["GET"]}}],"collection":[{"href":"https:\/\/lahora.mx\/index.php\/wp-json\/wp\/v2\/posts"}],"about":[{"href":"https:\/\/lahora.mx\/index.php\/wp-json\/wp\/v2\/types\/post"}],"author":[{"embeddable":true,"href":"https:\/\/lahora.mx\/index.php\/wp-json\/wp\/v2\/users\/4"}],"replies":[{"embeddable":true,"href":"https:\/\/lahora.mx\/index.php\/wp-json\/wp\/v2\/comments?post=14876"}],"version-history":[{"count":1,"href":"https:\/\/lahora.mx\/index.php\/wp-json\/wp\/v2\/posts\/14876\/revisions"}],"predecessor-version":[{"id":14879,"href":"https:\/\/lahora.mx\/index.php\/wp-json\/wp\/v2\/posts\/14876\/revisions\/14879"}],"wp:featuredmedia":[{"embeddable":true,"href":"https:\/\/lahora.mx\/index.php\/wp-json\/wp\/v2\/media\/14877"}],"wp:attachment":[{"href":"https:\/\/lahora.mx\/index.php\/wp-json\/wp\/v2\/media?parent=14876"}],"wp:term":[{"taxonomy":"category","embeddable":true,"href":"https:\/\/lahora.mx\/index.php\/wp-json\/wp\/v2\/categories?post=14876"},{"taxonomy":"post_tag","embeddable":true,"href":"https:\/\/lahora.mx\/index.php\/wp-json\/wp\/v2\/tags?post=14876"}],"curies":[{"name":"wp","href":"https:\/\/api.w.org\/{rel}","templated":true}]}}