{"id":14841,"date":"2022-10-16T17:24:12","date_gmt":"2022-10-16T17:24:12","guid":{"rendered":"http:\/\/lahora.mx\/?p=14841"},"modified":"2022-10-16T17:24:12","modified_gmt":"2022-10-16T17:24:12","slug":"un-tercer-paro-durante-octubre-en-vw-puebla-frena-taos-y-jetta","status":"publish","type":"post","link":"https:\/\/lahora.mx\/index.php\/2022\/10\/16\/un-tercer-paro-durante-octubre-en-vw-puebla-frena-taos-y-jetta\/","title":{"rendered":"Un tercer paro durante octubre en VW Puebla frena Taos y Jetta"},"content":{"rendered":"\n<p>La planta Volkswagen en Puebla inform\u00f3 a los trabajadores de nuevos paros t\u00e9cnicos en las producciones de Taos y Jetta, otra vez por la falta de semiconductores para ensamblar los veh\u00edculos.<\/p>\n\n\n\n<p>Mediante un comunicado, dio a conocer que la falta de componentes para la producci\u00f3n afectar\u00e1 a los segmentos 1 y 2 de la planta armadora de autos en Puebla, ser\u00e1 en la semana del 17 al 21 de octubre cuando se vean suspendidas las actividades en al menos uno de los turnos de cada grupo.<\/p>\n\n\n\n<p>Debido a que no tendr\u00e1n actividades, los trabajadores de la l\u00ednea de Jetta recibir\u00e1n su salario semanal al 88.5 por ciento, mientras que los de la Taos al 77 por ciento.<br>Entre las previsiones que se tomaron para el paro t\u00e9cnico en VW est\u00e1 respetar las vacaciones que se hab\u00edan solicitado con anterioridad seg\u00fan la cl\u00e1usula 43, y de no contar con saldo disponible se pagar\u00e1 conforme a los porcentajes se\u00f1alados.<\/p>\n\n\n\n<p>Esta ser\u00eda la tercera semana consecutiva que se frenan actividades. Del 3 al 7 de octubre se registr\u00f3 el primer paro t\u00e9cnico semanal, en tanto que el segundo fue del 10 al 14 de octubre.<\/p>\n\n\n\n<p>Sin embargo, durante el 2022 en Volkswagen en Puebla tambi\u00e9n se han registrado paros t\u00e9cnicos en los meses de junio, agosto y septiembre, incluso representantes de las c\u00e1maras empresariales han se\u00f1alado que la falta de semiconductores ha afectado de forma considerable a la industria automotriz, esto como consecuencia de la crisis econ\u00f3mica y la guerra que a\u00fan se vive entre Rusia y Ucrania.<\/p>\n","protected":false},"excerpt":{"rendered":"<p>La planta Volkswagen en Puebla inform\u00f3 a los trabajadores de nuevos paros t\u00e9cnicos en las producciones de Taos y Jetta, otra vez por la falta de semiconductores para ensamblar los veh\u00edculos. Mediante un comunicado, dio a conocer que la falta de componentes para la producci\u00f3n afectar\u00e1 a los segmentos 1 y 2 de la planta [&hellip;]<\/p>\n","protected":false},"author":4,"featured_media":14842,"comment_status":"open","ping_status":"open","sticky":false,"template":"","format":"standard","meta":{"om_disable_all_campaigns":false,"_monsterinsights_skip_tracking":false,"_monsterinsights_sitenote_active":false,"_monsterinsights_sitenote_note":"","_monsterinsights_sitenote_category":0,"footnotes":""},"categories":[175],"tags":[195,223],"class_list":["post-14841","post","type-post","status-publish","format-standard","has-post-thumbnail","hentry","category-local","tag-principal","tag-puebla"],"amp_enabled":true,"_links":{"self":[{"href":"https:\/\/lahora.mx\/index.php\/wp-json\/wp\/v2\/posts\/14841","targetHints":{"allow":["GET"]}}],"collection":[{"href":"https:\/\/lahora.mx\/index.php\/wp-json\/wp\/v2\/posts"}],"about":[{"href":"https:\/\/lahora.mx\/index.php\/wp-json\/wp\/v2\/types\/post"}],"author":[{"embeddable":true,"href":"https:\/\/lahora.mx\/index.php\/wp-json\/wp\/v2\/users\/4"}],"replies":[{"embeddable":true,"href":"https:\/\/lahora.mx\/index.php\/wp-json\/wp\/v2\/comments?post=14841"}],"version-history":[{"count":1,"href":"https:\/\/lahora.mx\/index.php\/wp-json\/wp\/v2\/posts\/14841\/revisions"}],"predecessor-version":[{"id":14843,"href":"https:\/\/lahora.mx\/index.php\/wp-json\/wp\/v2\/posts\/14841\/revisions\/14843"}],"wp:featuredmedia":[{"embeddable":true,"href":"https:\/\/lahora.mx\/index.php\/wp-json\/wp\/v2\/media\/14842"}],"wp:attachment":[{"href":"https:\/\/lahora.mx\/index.php\/wp-json\/wp\/v2\/media?parent=14841"}],"wp:term":[{"taxonomy":"category","embeddable":true,"href":"https:\/\/lahora.mx\/index.php\/wp-json\/wp\/v2\/categories?post=14841"},{"taxonomy":"post_tag","embeddable":true,"href":"https:\/\/lahora.mx\/index.php\/wp-json\/wp\/v2\/tags?post=14841"}],"curies":[{"name":"wp","href":"https:\/\/api.w.org\/{rel}","templated":true}]}}