{"id":14835,"date":"2022-10-15T23:04:03","date_gmt":"2022-10-15T23:04:03","guid":{"rendered":"http:\/\/lahora.mx\/?p=14835"},"modified":"2022-10-15T23:04:04","modified_gmt":"2022-10-15T23:04:04","slug":"caminata-contra-la-trata-de-personas-en-puebla","status":"publish","type":"post","link":"https:\/\/lahora.mx\/index.php\/2022\/10\/15\/caminata-contra-la-trata-de-personas-en-puebla\/","title":{"rendered":"Caminata contra la trata de personas en Puebla"},"content":{"rendered":"\n<p>\u00abLa trata de personas es una realidad que est\u00e1 sucediendo en Puebla\u00bb, alert\u00f3 en su meg\u00e1fono, Joselin Ju\u00e1rez, representante de A21, organizaci\u00f3n internacional con presencia en 50 pa\u00edses que se dedica a ayudar a personas v\u00edctimas de trata.<\/p>\n\n\n\n<p>Su manifestaci\u00f3n de este s\u00e1bado Inici\u00f3 con la entrega de folletos con informaci\u00f3n de A21 (Abolici\u00f3n de la esclavitud en el siglo XXI), con una lista para identificar cuando alguien es v\u00edctima de alg\u00fan tipo de esclavitud.<br>A las 10:40 inici\u00f3 el recorrido por avenida Reforma, del Paseo Bravo, hacia el z\u00f3calo de la ciudad, donde dieron un mensaje a quienes transitaban.<\/p>\n\n\n\n<p>\u00abNos negamos a solo hablar o postear sobre la injusticia, en lugar de eso, sabes, hoy estamos aqu\u00ed unidos en fuerza, en \u00e1nimo, tenemos el poder de cambiar las estad\u00edsticas de la trata de personas\u00bb, enfatiz\u00f3 en el z\u00f3calo Joselin Ju\u00e1rez.<\/p>\n\n\n\n<p>La marcha no ten\u00eda porras, ni era ruidosa, solo caminaban en fila una decena de personas, con playeras negras y pancartas con mensajes alusivos a la trata de personas.<\/p>\n\n\n\n<p>Joselin mencion\u00f3 en entrevista que esta es la modalidad de expresi\u00f3n de A21, pues \u00abcaminan por la libertad\u00bb.<\/p>\n\n\n\n<p>\u00abLa trata de personas genera un estimado de 150 billones de d\u00f3lares anuales\u00bb, se le\u00eda en una pancarta en alusi\u00f3n a que es un problema global.<\/p>\n\n\n\n<p>La representante de A21 en Puebla reconoci\u00f3 que esperaba m\u00e1s participaci\u00f3n de la gente, pues la marcha se anunci\u00f3 desde mayo y de manera simult\u00e1nea este d\u00eda habr\u00eda protestas en 500 ciudades.<\/p>\n\n\n\n<p>Aun as\u00ed, la caminata fue escoltada por una patrulla de polic\u00eda estatal y una de la municipal, y concluy\u00f3 alrededor de las 11:30 de la ma\u00f1ana.<\/p>\n\n\n\n<p>Es la primera vez que A21 marcha en Puebla, y se anunci\u00f3 que, a partir de ahora, marchar\u00e1n a\u00f1o con a\u00f1o en octubre y esperan que m\u00e1s gente pueda sumarse, para concientizar y aprender sobre las v\u00edctimas de trata, la nueva esclavitud del siglo XXI.<\/p>\n","protected":false},"excerpt":{"rendered":"<p>\u00abLa trata de personas es una realidad que est\u00e1 sucediendo en Puebla\u00bb, alert\u00f3 en su meg\u00e1fono, Joselin Ju\u00e1rez, representante de A21, organizaci\u00f3n internacional con presencia en 50 pa\u00edses que se dedica a ayudar a personas v\u00edctimas de trata. Su manifestaci\u00f3n de este s\u00e1bado Inici\u00f3 con la entrega de folletos con informaci\u00f3n de A21 (Abolici\u00f3n de [&hellip;]<\/p>\n","protected":false},"author":4,"featured_media":14836,"comment_status":"open","ping_status":"open","sticky":false,"template":"","format":"standard","meta":{"om_disable_all_campaigns":false,"_monsterinsights_skip_tracking":false,"_monsterinsights_sitenote_active":false,"_monsterinsights_sitenote_note":"","_monsterinsights_sitenote_category":0,"footnotes":""},"categories":[175],"tags":[223],"class_list":["post-14835","post","type-post","status-publish","format-standard","has-post-thumbnail","hentry","category-local","tag-puebla"],"amp_enabled":true,"_links":{"self":[{"href":"https:\/\/lahora.mx\/index.php\/wp-json\/wp\/v2\/posts\/14835","targetHints":{"allow":["GET"]}}],"collection":[{"href":"https:\/\/lahora.mx\/index.php\/wp-json\/wp\/v2\/posts"}],"about":[{"href":"https:\/\/lahora.mx\/index.php\/wp-json\/wp\/v2\/types\/post"}],"author":[{"embeddable":true,"href":"https:\/\/lahora.mx\/index.php\/wp-json\/wp\/v2\/users\/4"}],"replies":[{"embeddable":true,"href":"https:\/\/lahora.mx\/index.php\/wp-json\/wp\/v2\/comments?post=14835"}],"version-history":[{"count":1,"href":"https:\/\/lahora.mx\/index.php\/wp-json\/wp\/v2\/posts\/14835\/revisions"}],"predecessor-version":[{"id":14837,"href":"https:\/\/lahora.mx\/index.php\/wp-json\/wp\/v2\/posts\/14835\/revisions\/14837"}],"wp:featuredmedia":[{"embeddable":true,"href":"https:\/\/lahora.mx\/index.php\/wp-json\/wp\/v2\/media\/14836"}],"wp:attachment":[{"href":"https:\/\/lahora.mx\/index.php\/wp-json\/wp\/v2\/media?parent=14835"}],"wp:term":[{"taxonomy":"category","embeddable":true,"href":"https:\/\/lahora.mx\/index.php\/wp-json\/wp\/v2\/categories?post=14835"},{"taxonomy":"post_tag","embeddable":true,"href":"https:\/\/lahora.mx\/index.php\/wp-json\/wp\/v2\/tags?post=14835"}],"curies":[{"name":"wp","href":"https:\/\/api.w.org\/{rel}","templated":true}]}}