{"id":14765,"date":"2022-10-13T16:20:26","date_gmt":"2022-10-13T16:20:26","guid":{"rendered":"http:\/\/lahora.mx\/?p=14765"},"modified":"2022-10-13T16:20:29","modified_gmt":"2022-10-13T16:20:29","slug":"ahora-estalla-conflicto-en-fujikura-votaron-para-sacar-a-lider-sindical","status":"publish","type":"post","link":"https:\/\/lahora.mx\/index.php\/2022\/10\/13\/ahora-estalla-conflicto-en-fujikura-votaron-para-sacar-a-lider-sindical\/","title":{"rendered":"Ahora estalla conflicto en Fujikura: votaron para sacar a l\u00edder sindical"},"content":{"rendered":"\n<p>Un nuevo conflicto laboral estall\u00f3 esta ma\u00f1ana en la planta japonesa Fujikura de Puebla, en donde se alista un paro despu\u00e9s de que los m\u00e1s de 3 mil trabajadores votaron desde el pasado 2 de junio para sacar a Juan Trinidad Hip\u00f3lito Contreras como dirigente sindical, pero se aferra al cargo que ha tenido desde hace 14 a\u00f1os.<br><\/p>\n\n\n\n<p>Lo peor es que pese a la votaci\u00f3n contundente para sacar a Hipolito Contreras, que fue de 80 por ciento en su contra, la Junta Local de Conciliaci\u00f3n y Arbitraje del Estado de Puebla detiene amparos y notificaciones para favorecer al l\u00edder afiliado a la CTM Quer\u00e9taro.<\/p>\n\n\n\n<p>Fuentes al interior de la base trabajadora explicaron a Diario CAMBIO que van 132 d\u00edas de resistencia, esperando a que se vaya Hip\u00f3lito Contreras, quien durante a\u00f1os no rindi\u00f3 cuentas y hostig\u00f3 a cientos de empleados.<\/p>\n\n\n\n<p>Fue as\u00ed que respaldados en la Reforma Laboral del presidente L\u00f3pez Obrador, los obreros se organizaron y votaron para sacar a Contreras y gan\u00f3 Jos\u00e9 Uriza S\u00e1nchez, secretario general del Sindicato Aut\u00e9ntico de Trabajadores Siglo XXI; sin embargo ni siquiera le permiten la entrada a la f\u00e1brica proveedora de Volkswagen.<\/p>\n\n\n\n<p>Las elecciones se llevaron a cabo el 2 de junio y hasta la fecha no se ha permitido ingresar a la f\u00e1brica con los representantes de los trabajadores, narraron las fuentes.<\/p>\n\n\n\n<p>Es as\u00ed que ahora los trabajadores de la planta instalada en la carretera a San Miguel Canoa planean un paro indefinido hasta que las autoridades laborales de Puebla den legitimidad a la elecci\u00f3n que estuvo respaldada por el nuevo esquema de la reforma de Ley y que tuvo asistido por visores laborales oficiales.<\/p>\n","protected":false},"excerpt":{"rendered":"<p>Un nuevo conflicto laboral estall\u00f3 esta ma\u00f1ana en la planta japonesa Fujikura de Puebla, en donde se alista un paro despu\u00e9s de que los m\u00e1s de 3 mil trabajadores votaron desde el pasado 2 de junio para sacar a Juan Trinidad Hip\u00f3lito Contreras como dirigente sindical, pero se aferra al cargo que ha tenido desde [&hellip;]<\/p>\n","protected":false},"author":4,"featured_media":14766,"comment_status":"open","ping_status":"open","sticky":false,"template":"","format":"standard","meta":{"om_disable_all_campaigns":false,"_monsterinsights_skip_tracking":false,"_monsterinsights_sitenote_active":false,"_monsterinsights_sitenote_note":"","_monsterinsights_sitenote_category":0,"footnotes":""},"categories":[175],"tags":[223],"class_list":["post-14765","post","type-post","status-publish","format-standard","has-post-thumbnail","hentry","category-local","tag-puebla"],"amp_enabled":true,"_links":{"self":[{"href":"https:\/\/lahora.mx\/index.php\/wp-json\/wp\/v2\/posts\/14765","targetHints":{"allow":["GET"]}}],"collection":[{"href":"https:\/\/lahora.mx\/index.php\/wp-json\/wp\/v2\/posts"}],"about":[{"href":"https:\/\/lahora.mx\/index.php\/wp-json\/wp\/v2\/types\/post"}],"author":[{"embeddable":true,"href":"https:\/\/lahora.mx\/index.php\/wp-json\/wp\/v2\/users\/4"}],"replies":[{"embeddable":true,"href":"https:\/\/lahora.mx\/index.php\/wp-json\/wp\/v2\/comments?post=14765"}],"version-history":[{"count":1,"href":"https:\/\/lahora.mx\/index.php\/wp-json\/wp\/v2\/posts\/14765\/revisions"}],"predecessor-version":[{"id":14767,"href":"https:\/\/lahora.mx\/index.php\/wp-json\/wp\/v2\/posts\/14765\/revisions\/14767"}],"wp:featuredmedia":[{"embeddable":true,"href":"https:\/\/lahora.mx\/index.php\/wp-json\/wp\/v2\/media\/14766"}],"wp:attachment":[{"href":"https:\/\/lahora.mx\/index.php\/wp-json\/wp\/v2\/media?parent=14765"}],"wp:term":[{"taxonomy":"category","embeddable":true,"href":"https:\/\/lahora.mx\/index.php\/wp-json\/wp\/v2\/categories?post=14765"},{"taxonomy":"post_tag","embeddable":true,"href":"https:\/\/lahora.mx\/index.php\/wp-json\/wp\/v2\/tags?post=14765"}],"curies":[{"name":"wp","href":"https:\/\/api.w.org\/{rel}","templated":true}]}}