{"id":14761,"date":"2022-10-13T16:04:06","date_gmt":"2022-10-13T16:04:06","guid":{"rendered":"http:\/\/lahora.mx\/?p=14761"},"modified":"2022-10-13T16:04:28","modified_gmt":"2022-10-13T16:04:28","slug":"el-gobierno-del-estado-tomara-la-seguridad-en-tecamachalco-anuncia-barbosa","status":"publish","type":"post","link":"https:\/\/lahora.mx\/index.php\/2022\/10\/13\/el-gobierno-del-estado-tomara-la-seguridad-en-tecamachalco-anuncia-barbosa\/","title":{"rendered":"El gobierno del estado tomar\u00e1 la seguridad en Tecamachalco, anuncia Barbosa"},"content":{"rendered":"\n<p>El gobierno del estado asumir\u00e1 el control de la seguridad en Tecamachalco debido a la preocupante situaci\u00f3n de hechos delictivos que ah\u00ed ocurren, anunci\u00f3 este jueves el gobernador Luis Miguel Barbosa Huerta durante su videoconferencia matutina.<\/p>\n\n\n\n<p>El mandatario estatal aclar\u00f3 que el primer respondiente siempre debe ser la Polic\u00eda Municipal, pero cuando esta se ve rebasada, el estado tiene que hacer cargo y ahora lo har\u00e1.<\/p>\n\n\n\n<p>\u201cHay que ir a Tecamachalco, ya estamos, ayudar a que se resuelvan los asuntos de Seguridad P\u00fablica, s\u00ed estamos obligados, pero el primer respondiente se llama Polic\u00eda Municipal, cuando el primer respondiente ya no puede, pues tenemos nosotros que hacernos cargo y nos vamos a hacer cargo, es ya muy fuerte lo que ocurre ah\u00ed, en esa jurisdicci\u00f3n territorial\u201d, admiti\u00f3.<br>En cuanto a las protestas recientes por parte de pobladores que exigieron justicia al presidente municipal, Ignacio Mier Ba\u00f1uelos, por la balacera en la que un taquero fue asesinado y otro result\u00f3 herido, derivado de un aparente asalto, el gobernador consider\u00f3 que las v\u00edctimas de alg\u00fan delito se manifiestan de formas ilegales y no consiguen nada, pero a\u00fan as\u00ed, est\u00e1 al tanto de las inconformidades de las personas y en este caso, de las expresiones del edil de Tecamachalco.<\/p>\n\n\n\n<p>\u201cHoy todos los agraciados de hechos, de la autoridad o de delitos, se expresan de diferentes formas, no legales, increpan a la autoridad y no consiguen nada pero manifiestan su agravio, supe de esta manifestaci\u00f3n, y de las expresiones del presidente municipal\u201d, critic\u00f3 el gobernador Barbosa tras anunciar que el gobierno de Puebla tomar\u00e1 el control de la seguridad en Tecamachalco.<\/p>\n","protected":false},"excerpt":{"rendered":"<p>El gobierno del estado asumir\u00e1 el control de la seguridad en Tecamachalco debido a la preocupante situaci\u00f3n de hechos delictivos que ah\u00ed ocurren, anunci\u00f3 este jueves el gobernador Luis Miguel Barbosa Huerta durante su videoconferencia matutina. El mandatario estatal aclar\u00f3 que el primer respondiente siempre debe ser la Polic\u00eda Municipal, pero cuando esta se ve [&hellip;]<\/p>\n","protected":false},"author":4,"featured_media":14762,"comment_status":"open","ping_status":"open","sticky":false,"template":"","format":"standard","meta":{"om_disable_all_campaigns":false,"_monsterinsights_skip_tracking":false,"_monsterinsights_sitenote_active":false,"_monsterinsights_sitenote_note":"","_monsterinsights_sitenote_category":0,"footnotes":""},"categories":[175],"tags":[195,223],"class_list":["post-14761","post","type-post","status-publish","format-standard","has-post-thumbnail","hentry","category-local","tag-principal","tag-puebla"],"amp_enabled":true,"_links":{"self":[{"href":"https:\/\/lahora.mx\/index.php\/wp-json\/wp\/v2\/posts\/14761","targetHints":{"allow":["GET"]}}],"collection":[{"href":"https:\/\/lahora.mx\/index.php\/wp-json\/wp\/v2\/posts"}],"about":[{"href":"https:\/\/lahora.mx\/index.php\/wp-json\/wp\/v2\/types\/post"}],"author":[{"embeddable":true,"href":"https:\/\/lahora.mx\/index.php\/wp-json\/wp\/v2\/users\/4"}],"replies":[{"embeddable":true,"href":"https:\/\/lahora.mx\/index.php\/wp-json\/wp\/v2\/comments?post=14761"}],"version-history":[{"count":1,"href":"https:\/\/lahora.mx\/index.php\/wp-json\/wp\/v2\/posts\/14761\/revisions"}],"predecessor-version":[{"id":14763,"href":"https:\/\/lahora.mx\/index.php\/wp-json\/wp\/v2\/posts\/14761\/revisions\/14763"}],"wp:featuredmedia":[{"embeddable":true,"href":"https:\/\/lahora.mx\/index.php\/wp-json\/wp\/v2\/media\/14762"}],"wp:attachment":[{"href":"https:\/\/lahora.mx\/index.php\/wp-json\/wp\/v2\/media?parent=14761"}],"wp:term":[{"taxonomy":"category","embeddable":true,"href":"https:\/\/lahora.mx\/index.php\/wp-json\/wp\/v2\/categories?post=14761"},{"taxonomy":"post_tag","embeddable":true,"href":"https:\/\/lahora.mx\/index.php\/wp-json\/wp\/v2\/tags?post=14761"}],"curies":[{"name":"wp","href":"https:\/\/api.w.org\/{rel}","templated":true}]}}