{"id":14596,"date":"2022-10-10T18:10:20","date_gmt":"2022-10-10T18:10:20","guid":{"rendered":"http:\/\/lahora.mx\/?p=14596"},"modified":"2022-10-10T18:10:21","modified_gmt":"2022-10-10T18:10:21","slug":"detenidos-en-villa-frontera-no-estan-vinculados-a-asesinato-de-esmeralda-menciona-barbosa","status":"publish","type":"post","link":"https:\/\/lahora.mx\/index.php\/2022\/10\/10\/detenidos-en-villa-frontera-no-estan-vinculados-a-asesinato-de-esmeralda-menciona-barbosa\/","title":{"rendered":"Detenidos en Villa Frontera no est\u00e1n vinculados a asesinato de Esmeralda menciona Barbosa"},"content":{"rendered":"\n<p class=\"wp-block-paragraph\">El mandatario estatal, Miguel Barbosa Huerta dej\u00f3 en claro que hasta hoy, no hay personas detenidas a la que se le impute el asesinato de Esmeralda Gallardo.<\/p>\n\n\n\n<p class=\"wp-block-paragraph\">Se\u00f1al\u00f3 que tras los cateos realizados la semana pasada en Villa Frontera donde se perpetr\u00f3 el crimen el pasado martes, se llevaron a cabo revisiones en viviendas donde hubo detenciones, como la de Guillermo \u00abN\u00bb, del cual los vecinos se manifestaron para exigir su liberaci\u00f3n.<\/p>\n\n\n\n<p class=\"wp-block-paragraph\">\u00abNo hay detenido alguno al que se le impute el homicidio de Esmeralda Gallardo, se llevaron a cabo cateos, revisiones y hubo personas detenidas presuntamente por posesi\u00f3n de sustancias prohibidas y al parecer un arma de fuego, nadie tiene imputaci\u00f3n com presuntos asesinosde la madre buscadora, que quede claro\u00bb, dijo.<\/p>\n\n\n\n<p class=\"wp-block-paragraph\">Banner<br>Manifest\u00f3 que la FGE Puebla sigue con las investigaciones y se espera dar respuesta pronta a lo relacionado al caso.<\/p>\n","protected":false},"excerpt":{"rendered":"<p>El mandatario estatal, Miguel Barbosa Huerta dej\u00f3 en claro que hasta hoy, no hay personas detenidas a la que se le impute el asesinato de Esmeralda Gallardo. Se\u00f1al\u00f3 que tras los cateos realizados la semana pasada en Villa Frontera donde se perpetr\u00f3 el crimen el pasado martes, se llevaron a cabo revisiones en viviendas donde [&hellip;]<\/p>\n","protected":false},"author":4,"featured_media":14597,"comment_status":"open","ping_status":"open","sticky":false,"template":"","format":"standard","meta":{"om_disable_all_campaigns":false,"_monsterinsights_skip_tracking":false,"footnotes":""},"categories":[175],"tags":[195,223],"class_list":["post-14596","post","type-post","status-publish","format-standard","has-post-thumbnail","hentry","category-local","tag-principal","tag-puebla"],"amp_enabled":true,"_links":{"self":[{"href":"https:\/\/lahora.mx\/index.php\/wp-json\/wp\/v2\/posts\/14596","targetHints":{"allow":["GET"]}}],"collection":[{"href":"https:\/\/lahora.mx\/index.php\/wp-json\/wp\/v2\/posts"}],"about":[{"href":"https:\/\/lahora.mx\/index.php\/wp-json\/wp\/v2\/types\/post"}],"author":[{"embeddable":true,"href":"https:\/\/lahora.mx\/index.php\/wp-json\/wp\/v2\/users\/4"}],"replies":[{"embeddable":true,"href":"https:\/\/lahora.mx\/index.php\/wp-json\/wp\/v2\/comments?post=14596"}],"version-history":[{"count":1,"href":"https:\/\/lahora.mx\/index.php\/wp-json\/wp\/v2\/posts\/14596\/revisions"}],"predecessor-version":[{"id":14598,"href":"https:\/\/lahora.mx\/index.php\/wp-json\/wp\/v2\/posts\/14596\/revisions\/14598"}],"wp:featuredmedia":[{"embeddable":true,"href":"https:\/\/lahora.mx\/index.php\/wp-json\/wp\/v2\/media\/14597"}],"wp:attachment":[{"href":"https:\/\/lahora.mx\/index.php\/wp-json\/wp\/v2\/media?parent=14596"}],"wp:term":[{"taxonomy":"category","embeddable":true,"href":"https:\/\/lahora.mx\/index.php\/wp-json\/wp\/v2\/categories?post=14596"},{"taxonomy":"post_tag","embeddable":true,"href":"https:\/\/lahora.mx\/index.php\/wp-json\/wp\/v2\/tags?post=14596"}],"curies":[{"name":"wp","href":"https:\/\/api.w.org\/{rel}","templated":true}]}}