{"id":14533,"date":"2022-10-09T01:59:39","date_gmt":"2022-10-09T01:59:39","guid":{"rendered":"http:\/\/lahora.mx\/?p=14533"},"modified":"2022-10-09T02:36:50","modified_gmt":"2022-10-09T02:36:50","slug":"ayuntamiento-de-puebla-proyecta-rehabilitacion-de-las-calles-14-16-y-18-oriente","status":"publish","type":"post","link":"https:\/\/lahora.mx\/index.php\/2022\/10\/09\/ayuntamiento-de-puebla-proyecta-rehabilitacion-de-las-calles-14-16-y-18-oriente\/","title":{"rendered":"Ayuntamiento de Puebla proyecta rehabilitaci\u00f3n de las calles 14 16 y 18 Oriente"},"content":{"rendered":"\n<p>A fin de contar con calles dignas para peatones, ciclistas y automovilistas, el Gobierno de la Ciudad de Puebla iniciar\u00e1 la rehabilitaci\u00f3n de las avenidas 14, 16 y 18 Oriente, que durante a\u00f1os carecieron de mantenimiento, provocando el deterioro de la carpeta asf\u00e1ltica.<\/p>\n\n\n\n<p>Por Instrucci\u00f3n de Eduardo Rivera P\u00e9rez, Alcalde de Puebla, la Gerencia Municipal en coordinaci\u00f3n con la Secretar\u00eda de Movilidad e Infraestructura, recorrieron la zona para evaluar el estado de las vialidades y determinar las acciones a realizar.<\/p>\n\n\n\n\n\n<p>Tras una valoraci\u00f3n de las necesidades de las tres avenidas se concluy\u00f3 que la intervenci\u00f3n consistir\u00e1 en una rehabilitaci\u00f3n vial con concreto asf\u00e1ltico, implementaci\u00f3n de zonas de resguardo peatonal, banquetas, mejoras en cruceros, mantenimiento de sem\u00e1foros, reductores de velocidad, as\u00ed como la colocaci\u00f3n de se\u00f1al\u00e9tica vertical y horizontal para convertirlos en espacios seguros.<\/p>\n\n\n\n<p>Para garantizar el libre tr\u00e1nsito, as\u00ed como mejoras en la imagen urbana, el inicio de las obras se realizar\u00e1n antes de que concluya el a\u00f1o, adelant\u00f3 Ad\u00e1n Dom\u00ednguez S\u00e1nchez, Gerente Municipal.<\/p>\n\n\n\n<p>Estos trabajos se ejecutar\u00e1n con recursos obtenidos de la l\u00ednea de cr\u00e9dito autorizada con Banobras. De esta manera, el Ayuntamiento de Puebla contin\u00faa realizando obra p\u00fablica en todos los cuadrantes de la ciudad para recuperar la movilidad y construir Calles de 10.<\/p>\n","protected":false},"excerpt":{"rendered":"<p>A fin de contar con calles dignas para peatones, ciclistas y automovilistas, el Gobierno de la Ciudad de Puebla iniciar\u00e1 la rehabilitaci\u00f3n de las avenidas 14, 16 y 18 Oriente, que durante a\u00f1os carecieron de mantenimiento, provocando el deterioro de la carpeta asf\u00e1ltica. Por Instrucci\u00f3n de Eduardo Rivera P\u00e9rez, Alcalde de Puebla, la Gerencia Municipal [&hellip;]<\/p>\n","protected":false},"author":4,"featured_media":14535,"comment_status":"open","ping_status":"open","sticky":false,"template":"","format":"standard","meta":{"om_disable_all_campaigns":false,"_monsterinsights_skip_tracking":false,"_monsterinsights_sitenote_active":false,"_monsterinsights_sitenote_note":"","_monsterinsights_sitenote_category":0,"footnotes":""},"categories":[175],"tags":[],"class_list":["post-14533","post","type-post","status-publish","format-standard","has-post-thumbnail","hentry","category-local"],"amp_enabled":true,"_links":{"self":[{"href":"https:\/\/lahora.mx\/index.php\/wp-json\/wp\/v2\/posts\/14533","targetHints":{"allow":["GET"]}}],"collection":[{"href":"https:\/\/lahora.mx\/index.php\/wp-json\/wp\/v2\/posts"}],"about":[{"href":"https:\/\/lahora.mx\/index.php\/wp-json\/wp\/v2\/types\/post"}],"author":[{"embeddable":true,"href":"https:\/\/lahora.mx\/index.php\/wp-json\/wp\/v2\/users\/4"}],"replies":[{"embeddable":true,"href":"https:\/\/lahora.mx\/index.php\/wp-json\/wp\/v2\/comments?post=14533"}],"version-history":[{"count":2,"href":"https:\/\/lahora.mx\/index.php\/wp-json\/wp\/v2\/posts\/14533\/revisions"}],"predecessor-version":[{"id":14537,"href":"https:\/\/lahora.mx\/index.php\/wp-json\/wp\/v2\/posts\/14533\/revisions\/14537"}],"wp:featuredmedia":[{"embeddable":true,"href":"https:\/\/lahora.mx\/index.php\/wp-json\/wp\/v2\/media\/14535"}],"wp:attachment":[{"href":"https:\/\/lahora.mx\/index.php\/wp-json\/wp\/v2\/media?parent=14533"}],"wp:term":[{"taxonomy":"category","embeddable":true,"href":"https:\/\/lahora.mx\/index.php\/wp-json\/wp\/v2\/categories?post=14533"},{"taxonomy":"post_tag","embeddable":true,"href":"https:\/\/lahora.mx\/index.php\/wp-json\/wp\/v2\/tags?post=14533"}],"curies":[{"name":"wp","href":"https:\/\/api.w.org\/{rel}","templated":true}]}}