{"id":14530,"date":"2022-10-08T23:52:47","date_gmt":"2022-10-08T23:52:47","guid":{"rendered":"http:\/\/lahora.mx\/?p=14530"},"modified":"2022-10-08T23:52:48","modified_gmt":"2022-10-08T23:52:48","slug":"se-confirma-aprehension-de-director-de-obras-y-proteccion-civil-de-texmelucan-por-el-desplome-de-tanque-elevado","status":"publish","type":"post","link":"https:\/\/lahora.mx\/index.php\/2022\/10\/08\/se-confirma-aprehension-de-director-de-obras-y-proteccion-civil-de-texmelucan-por-el-desplome-de-tanque-elevado\/","title":{"rendered":"Se confirma aprehensi\u00f3n de director de Obras y Protecci\u00f3n Civil de Texmelucan por el desplome de tanque elevado"},"content":{"rendered":"\n<p>La FGE confirm\u00f3 la detenci\u00f3n de los dos funcionarios del ayuntamiento de Texmelucan como responsables del desplome del tanque elevado.<\/p>\n\n\n\n<p>La Fiscal\u00eda General del Estado de Puebla aprehendi\u00f3 a Julio C\u00e9sar N. y Heriberto N., por su presunta responsabilidad en los delitos de homicidio, lesiones, da\u00f1o en propiedad ajena, ejercicio indebido de funciones p\u00fablicas, abuso de autoridad y uso il\u00edcito de atribuciones y facultades.<\/p>\n\n\n\n<p>La Instituci\u00f3n inici\u00f3 Carpeta de Investigaci\u00f3n por el hecho que ocurri\u00f3 el 14 de septiembre de 2022 en la Junta Auxiliar de San Baltazar Temaxcalac, municipio de San Mart\u00edn Texmelucan, donde dos ciudadanos perdieron la vida y uno m\u00e1s result\u00f3 herido, tras el colapso de un tanque elevado. Tambi\u00e9n la ca\u00edda de la estructura provoc\u00f3 da\u00f1os a inmuebles de la zona.<\/p>\n\n\n\n<p>A trav\u00e9s de diversas diligencias, la Fiscal\u00eda de Investigaci\u00f3n Metropolitana estableci\u00f3 que Julio C\u00e9sar N. quien se desempe\u00f1aba como Secretario de Obra P\u00fablica, Desarrollo Urbano y Medio Ambiente del Ayuntamiento, orden\u00f3 activar la bomba de agua del tanque. Por su parte, Heriberto N. falt\u00f3 a sus obligaciones como Director de Protecci\u00f3n Civil.<\/p>\n\n\n\n<p>Como parte de los avances en el caso, este 7 de octubre personal de la Agencia Estatal de Investigaci\u00f3n cumpli\u00f3 el mandamiento judicial contra Julio C\u00e9sar N. y Heriberto N.<\/p>\n","protected":false},"excerpt":{"rendered":"<p>La FGE confirm\u00f3 la detenci\u00f3n de los dos funcionarios del ayuntamiento de Texmelucan como responsables del desplome del tanque elevado. La Fiscal\u00eda General del Estado de Puebla aprehendi\u00f3 a Julio C\u00e9sar N. y Heriberto N., por su presunta responsabilidad en los delitos de homicidio, lesiones, da\u00f1o en propiedad ajena, ejercicio indebido de funciones p\u00fablicas, abuso [&hellip;]<\/p>\n","protected":false},"author":4,"featured_media":14531,"comment_status":"open","ping_status":"open","sticky":false,"template":"","format":"standard","meta":{"om_disable_all_campaigns":false,"_monsterinsights_skip_tracking":false,"_monsterinsights_sitenote_active":false,"_monsterinsights_sitenote_note":"","_monsterinsights_sitenote_category":0,"footnotes":""},"categories":[175],"tags":[195,223],"class_list":["post-14530","post","type-post","status-publish","format-standard","has-post-thumbnail","hentry","category-local","tag-principal","tag-puebla"],"amp_enabled":true,"_links":{"self":[{"href":"https:\/\/lahora.mx\/index.php\/wp-json\/wp\/v2\/posts\/14530","targetHints":{"allow":["GET"]}}],"collection":[{"href":"https:\/\/lahora.mx\/index.php\/wp-json\/wp\/v2\/posts"}],"about":[{"href":"https:\/\/lahora.mx\/index.php\/wp-json\/wp\/v2\/types\/post"}],"author":[{"embeddable":true,"href":"https:\/\/lahora.mx\/index.php\/wp-json\/wp\/v2\/users\/4"}],"replies":[{"embeddable":true,"href":"https:\/\/lahora.mx\/index.php\/wp-json\/wp\/v2\/comments?post=14530"}],"version-history":[{"count":1,"href":"https:\/\/lahora.mx\/index.php\/wp-json\/wp\/v2\/posts\/14530\/revisions"}],"predecessor-version":[{"id":14532,"href":"https:\/\/lahora.mx\/index.php\/wp-json\/wp\/v2\/posts\/14530\/revisions\/14532"}],"wp:featuredmedia":[{"embeddable":true,"href":"https:\/\/lahora.mx\/index.php\/wp-json\/wp\/v2\/media\/14531"}],"wp:attachment":[{"href":"https:\/\/lahora.mx\/index.php\/wp-json\/wp\/v2\/media?parent=14530"}],"wp:term":[{"taxonomy":"category","embeddable":true,"href":"https:\/\/lahora.mx\/index.php\/wp-json\/wp\/v2\/categories?post=14530"},{"taxonomy":"post_tag","embeddable":true,"href":"https:\/\/lahora.mx\/index.php\/wp-json\/wp\/v2\/tags?post=14530"}],"curies":[{"name":"wp","href":"https:\/\/api.w.org\/{rel}","templated":true}]}}