{"id":14526,"date":"2022-10-08T02:14:38","date_gmt":"2022-10-08T02:14:38","guid":{"rendered":"http:\/\/lahora.mx\/?p=14526"},"modified":"2022-10-08T02:14:38","modified_gmt":"2022-10-08T02:14:38","slug":"comienza-la-cuenta-regresiva-para-el-mundial-del-voleibol-de-playa-2023","status":"publish","type":"post","link":"https:\/\/lahora.mx\/index.php\/2022\/10\/08\/comienza-la-cuenta-regresiva-para-el-mundial-del-voleibol-de-playa-2023\/","title":{"rendered":"Comienza la cuenta regresiva para el Mundial del Voleibol de Playa 2023"},"content":{"rendered":"\n<p>Con la cuenta regresiva a un a\u00f1o de la inauguraci\u00f3n, inici\u00f3 en la ciudad capital la fiesta del Mundial de Voleibol de Playa Tlaxcala 2023. En el acto oficial, la gobernadora Lorena Cu\u00e9llar Cisneros enfatiz\u00f3 que la entidad abre sus puertas al mundo entero.<\/p>\n\n\n\n<p>Comienza montaje de infraestructura para Final de Copa del Mundo de Tiro con Arco<br>Se\u00f1al\u00f3 que despu\u00e9s de 20 a\u00f1os de que no sal\u00eda el mundial del continente europeo, llega a Am\u00e9rica y a un estado que sabe de la gran responsabilidad, por lo que agradeci\u00f3 el apoyo de Ana Guevara Espinoza, directora de la Comisi\u00f3n Nacional del Deporte (Conade), quien, dijo, le ha apostado con toda confianza a Tlaxcala como sede del evento, programado a efectuarse del seis al 16 de octubre del a\u00f1o pr\u00f3ximo.<\/p>\n\n\n\n<p>Adelant\u00f3 la jefa del Ejecutivo Estatal que la entidad estar\u00e1 a la altura de lo que requiere este mundial. Se\u00f1al\u00f3 que coment\u00f3 a Jes\u00fas Perales Navarro, presidente de la Federaci\u00f3n Mexicana de Voleibol, que vamos a hacer una nueva historia en el deporte, aqu\u00ed estamos escribiendo esa historia tan importante; sabemos que Gobierno que apuesta al deporte, apuesta que sea trampol\u00edn para la seguridad, los valores, la convivencia y atraer el turismo.<br>Gracias a nuestros tres presidentes municipales \u2013Apizaco, Tlaxcala y Huamantla- por sumarse a este gran esfuerzo; sabemos que solo unidos podemos hacer esta historia, recalc\u00f3.<\/p>\n\n\n\n<p>En explanada del Palacio de Gobierno ser\u00e1 el Mundial de Tiro con Arco Tlaxcala 2022<br>Cu\u00e9llar Cisneros refiri\u00f3 que iniciar la cuenta regresiva significa un a\u00f1o de muchos retos, tendremos que estar dedicados a prepararnos para recibir de mejor manera al mundo; el evento traer\u00e1 grandes beneficios al estado.<\/p>\n\n\n\n<p>Resalt\u00f3 el comportamiento de los tlaxcaltecas en marzo pasado, en el Tour Mundial Tlaxcala 2022, justa en la que los ciudadanos permitieron que volvieran a fijarse los ojos del mundo en el estado. \u201cTenemos gran oportunidad de iniciar cuenta regresiva, dar a conocer la cultura y las tradiciones, una gran oportunidad para Tlaxcala\u201d.<\/p>\n\n\n\n<p>Por su parte, Ana Gabriela Guevara Espinoza, directora de la Conade, sostuvo que es un gusto regresar a la capital de Tlaxcala y saludar a la Gobernadora y los alcaldes que ser\u00e1n anfitriones de este evento mundial de playa, a un a\u00f1o de que entre en escena.<\/p>\n\n\n\n<p>A\u00f1adi\u00f3 que Tlaxcala no deja de ser M\u00e9xico, por lo que a 365 d\u00edas del arranque del mundial, adelant\u00f3 que vendr\u00e1n largos d\u00edas de jornadas en tres sedes y disfrutar lo mejor del voleibol de playa, en una nueva historia.<\/p>\n\n\n\n<p>Refiri\u00f3 que Tlaxcala, desde marzo pasado, construy\u00f3 una nueva historia en el deporte de nuestro pa\u00eds, al dar un vuelco total con su gente para conquistar con su calidez y ser la mejor sede del pasado Tour Mundial.<\/p>\n\n\n\n<p>Enfatiz\u00f3 la sonorense que a final de cuentas esa gran magia pudo darle vuelta a la p\u00e1gina y demostr\u00f3 que se pueden hacer las cosas y \u201cque podemos pensar en grandes proyectos\u201d.<\/p>\n\n\n\n<p>Se\u00f1al\u00f3 que la Federaci\u00f3n Internacional de Voleibol catalog\u00f3 la fecha de Tlaxcala como una de las mejores de la temporada, gracias al arrojo de la gente y la organizaci\u00f3n de las autoridades.<\/p>\n\n\n\n<p>Asegur\u00f3 que Tlaxcala ser\u00e1 protag\u00f3nico, un gran anfitri\u00f3n del campeonato 2023. \u201cEl mundo vendr\u00e1 a Tlaxcala y Tlaxcala tendr\u00e1 que comportarse a la altura; el Tour fue una probadita, ahora hay que abrir las puertas de par en par de todo el estado, porque la expectativa es muy alta; me siento muy motivada y entusiasta\u201d. Remat\u00f3 Guevara Espinoza que la fiesta es para todos y para todas. Empieza la fiesta del mundial con cuenta regresiva, esta fiesta lleg\u00f3 para quedarse en Tlaxcala.<br>Al evento, celebrado en el \u00e1rea donde estaba ubicada el asta bandera en la ciudad capital, asisti\u00f3 Mada\u00ed P\u00e9rez Carrillo, directora del Instituto del Deporte de Tlaxcala; Jes\u00fas Perales Navarro, presidente de la Federaci\u00f3n Mexicana de Voleibol y los alcaldes Jorge Corichi Fragoso, de Tlaxcala; Pablo Badillo S\u00e1nchez, de Apizaco; y Salvador S\u00e1nchez Cedillo, de Huamantla, municipios donde tendr\u00e1 desarrollo el campeonato mundial 2023.<br>El Mundial de Voleibol de Playa Tlaxcala ser\u00e1 del seis al 16 de octubre del a\u00f1o pr\u00f3ximo.<\/p>\n","protected":false},"excerpt":{"rendered":"<p>Con la cuenta regresiva a un a\u00f1o de la inauguraci\u00f3n, inici\u00f3 en la ciudad capital la fiesta del Mundial de Voleibol de Playa Tlaxcala 2023. En el acto oficial, la gobernadora Lorena Cu\u00e9llar Cisneros enfatiz\u00f3 que la entidad abre sus puertas al mundo entero. Comienza montaje de infraestructura para Final de Copa del Mundo de [&hellip;]<\/p>\n","protected":false},"author":4,"featured_media":14528,"comment_status":"open","ping_status":"open","sticky":false,"template":"","format":"standard","meta":{"om_disable_all_campaigns":false,"_monsterinsights_skip_tracking":false,"_monsterinsights_sitenote_active":false,"_monsterinsights_sitenote_note":"","_monsterinsights_sitenote_category":0,"footnotes":""},"categories":[175],"tags":[195,223,210],"class_list":["post-14526","post","type-post","status-publish","format-standard","has-post-thumbnail","hentry","category-local","tag-principal","tag-puebla","tag-tlaxcala"],"amp_enabled":true,"_links":{"self":[{"href":"https:\/\/lahora.mx\/index.php\/wp-json\/wp\/v2\/posts\/14526","targetHints":{"allow":["GET"]}}],"collection":[{"href":"https:\/\/lahora.mx\/index.php\/wp-json\/wp\/v2\/posts"}],"about":[{"href":"https:\/\/lahora.mx\/index.php\/wp-json\/wp\/v2\/types\/post"}],"author":[{"embeddable":true,"href":"https:\/\/lahora.mx\/index.php\/wp-json\/wp\/v2\/users\/4"}],"replies":[{"embeddable":true,"href":"https:\/\/lahora.mx\/index.php\/wp-json\/wp\/v2\/comments?post=14526"}],"version-history":[{"count":2,"href":"https:\/\/lahora.mx\/index.php\/wp-json\/wp\/v2\/posts\/14526\/revisions"}],"predecessor-version":[{"id":14930,"href":"https:\/\/lahora.mx\/index.php\/wp-json\/wp\/v2\/posts\/14526\/revisions\/14930"}],"wp:featuredmedia":[{"embeddable":true,"href":"https:\/\/lahora.mx\/index.php\/wp-json\/wp\/v2\/media\/14528"}],"wp:attachment":[{"href":"https:\/\/lahora.mx\/index.php\/wp-json\/wp\/v2\/media?parent=14526"}],"wp:term":[{"taxonomy":"category","embeddable":true,"href":"https:\/\/lahora.mx\/index.php\/wp-json\/wp\/v2\/categories?post=14526"},{"taxonomy":"post_tag","embeddable":true,"href":"https:\/\/lahora.mx\/index.php\/wp-json\/wp\/v2\/tags?post=14526"}],"curies":[{"name":"wp","href":"https:\/\/api.w.org\/{rel}","templated":true}]}}