{"id":14508,"date":"2022-10-07T21:06:48","date_gmt":"2022-10-07T21:06:48","guid":{"rendered":"http:\/\/lahora.mx\/?p=14508"},"modified":"2022-10-07T21:06:49","modified_gmt":"2022-10-07T21:06:49","slug":"rivera-niega-imposicion-de-barbosa-limpia-de-puebla","status":"publish","type":"post","link":"https:\/\/lahora.mx\/index.php\/2022\/10\/07\/rivera-niega-imposicion-de-barbosa-limpia-de-puebla\/","title":{"rendered":"Rivera niega imposici\u00f3n de Barbosa limpia de Puebla"},"content":{"rendered":"\n<p>\u201cNo hay ninguna imposici\u00f3n\u201d, dijo el alcalde Eduardo Rivera P\u00e9rez respecto a la reducci\u00f3n en los plazos de las concesiones del relleno sanitario Chiltepeque y del servicio de recolecci\u00f3n de basura en Puebla, que pasaron de 15 a cinco y siete a\u00f1os, respectivamente, pues fue un acuerdo entre las \u00e1reas t\u00e9cnicas del gobierno de la ciudad y del gobierno del estado.<\/p>\n\n\n\n<p>En entrevista, despu\u00e9s de realizar un volanteo en calles previo a su primer informe de gobierno, el panista explic\u00f3 que el proyecto de concesiones que se aprob\u00f3 en sesi\u00f3n extraordinaria de Cabildo el pasado 5 de octubre, fue el producto de un trabajo conjunto y coordinado con el estado.<\/p>\n\n\n\n<p>Indic\u00f3 que se analizaron las corridas financieras, las inversiones que tienen que realizar los concesionarios y en donde se ajustaron los aspectos t\u00e9cnicos de las propias concesiones.<\/p>\n\n\n\n<p>\u201cLo que se est\u00e1 entregando al Congreso y que el d\u00eda de ayer fue remitido por parte del gobierno estatal es el producto del trabajo en conjunto entre el municipio y el estado. No hay ninguna imposici\u00f3n, sino que hay un di\u00e1logo y colaboraci\u00f3n, que quede perfectamente claro\u201d, declar\u00f3 el primer regidor.<br>En este mismo sentido, Rivera P\u00e9rez pidi\u00f3 a los diputados del Congreso local analizar y aprobar \u201clo m\u00e1s pronto posible\u201d las concesiones del relleno sanitario y recolecci\u00f3n de basura, por ello, el gobierno de la ciudad estar\u00e1 atendiendo cualquier duda y sugerencia, con la finalidad de que se pueda resolver a tiempo.<\/p>\n\n\n\n<p>Manifest\u00f3 que es \u201curgente\u201d y \u201capremiante\u201d que las y los legisladores avalen el tema debido a que ambos servicios concluyen el 30 de diciembre del presente a\u00f1o, por lo que a principios de enero debe haber una empresa recolectora y receptora de basura.<\/p>\n\n\n\n<p>\u201cNos ponemos a la orden de cada uno de los grupos parlamentarios y diputados locales, tendremos algunas reuniones si es necesario al principio de la pr\u00f3xima semana. Para el gobierno de la ciudad si es apremiante que se apruebe estas concesiones y pido de manera atenta a los legisladores que en la brevedad posible lo discutan, analicen y en su caso aprueben el tema\u201d, expres\u00f3 Rivera.<\/p>\n","protected":false},"excerpt":{"rendered":"<p>\u201cNo hay ninguna imposici\u00f3n\u201d, dijo el alcalde Eduardo Rivera P\u00e9rez respecto a la reducci\u00f3n en los plazos de las concesiones del relleno sanitario Chiltepeque y del servicio de recolecci\u00f3n de basura en Puebla, que pasaron de 15 a cinco y siete a\u00f1os, respectivamente, pues fue un acuerdo entre las \u00e1reas t\u00e9cnicas del gobierno de la [&hellip;]<\/p>\n","protected":false},"author":4,"featured_media":14509,"comment_status":"open","ping_status":"open","sticky":false,"template":"","format":"standard","meta":{"om_disable_all_campaigns":false,"_monsterinsights_skip_tracking":false,"_monsterinsights_sitenote_active":false,"_monsterinsights_sitenote_note":"","_monsterinsights_sitenote_category":0,"footnotes":""},"categories":[175],"tags":[195,223],"class_list":["post-14508","post","type-post","status-publish","format-standard","has-post-thumbnail","hentry","category-local","tag-principal","tag-puebla"],"amp_enabled":true,"_links":{"self":[{"href":"https:\/\/lahora.mx\/index.php\/wp-json\/wp\/v2\/posts\/14508","targetHints":{"allow":["GET"]}}],"collection":[{"href":"https:\/\/lahora.mx\/index.php\/wp-json\/wp\/v2\/posts"}],"about":[{"href":"https:\/\/lahora.mx\/index.php\/wp-json\/wp\/v2\/types\/post"}],"author":[{"embeddable":true,"href":"https:\/\/lahora.mx\/index.php\/wp-json\/wp\/v2\/users\/4"}],"replies":[{"embeddable":true,"href":"https:\/\/lahora.mx\/index.php\/wp-json\/wp\/v2\/comments?post=14508"}],"version-history":[{"count":1,"href":"https:\/\/lahora.mx\/index.php\/wp-json\/wp\/v2\/posts\/14508\/revisions"}],"predecessor-version":[{"id":14510,"href":"https:\/\/lahora.mx\/index.php\/wp-json\/wp\/v2\/posts\/14508\/revisions\/14510"}],"wp:featuredmedia":[{"embeddable":true,"href":"https:\/\/lahora.mx\/index.php\/wp-json\/wp\/v2\/media\/14509"}],"wp:attachment":[{"href":"https:\/\/lahora.mx\/index.php\/wp-json\/wp\/v2\/media?parent=14508"}],"wp:term":[{"taxonomy":"category","embeddable":true,"href":"https:\/\/lahora.mx\/index.php\/wp-json\/wp\/v2\/categories?post=14508"},{"taxonomy":"post_tag","embeddable":true,"href":"https:\/\/lahora.mx\/index.php\/wp-json\/wp\/v2\/tags?post=14508"}],"curies":[{"name":"wp","href":"https:\/\/api.w.org\/{rel}","templated":true}]}}