{"id":14505,"date":"2022-10-07T21:04:00","date_gmt":"2022-10-07T21:04:00","guid":{"rendered":"http:\/\/lahora.mx\/?p=14505"},"modified":"2022-10-07T21:04:01","modified_gmt":"2022-10-07T21:04:01","slug":"padres-arman-protesta-tras-irregularidades-con-becas-de-sep-puebla","status":"publish","type":"post","link":"https:\/\/lahora.mx\/index.php\/2022\/10\/07\/padres-arman-protesta-tras-irregularidades-con-becas-de-sep-puebla\/","title":{"rendered":"Padres arman protesta tras irregularidades con becas de SEP Puebla"},"content":{"rendered":"\n<p>Padres y madres de familia cerraron el Bulevar 5 de Mayo a la altura de la 11 Oriente para demandar un formato para becas en Puebla luego de que la Secretar\u00eda de Educaci\u00f3n P\u00fablica (SEP) los convocar\u00e1 para obtenerla y posteriormente se las negara.<\/p>\n\n\n\n<p>Alrededor de las 9:30 de la ma\u00f1ana los inconformes decidieron bloquear la calle pues algunos incluso llegaron desde la 1:00 de la madrugada a formarse y obtener un formato, pero en la ma\u00f1ana les avisaron que ya no hab\u00eda.<\/p>\n\n\n\n<p>Los manifestantes explicaron que la Secretar\u00eda de Educaci\u00f3n P\u00fablica (SEP) envi\u00f3 convocatorias a estudiantes espec\u00edficos de las escuelas y les pidi\u00f3 acudir a la Coordinaci\u00f3n Regional de Desarrollo Educativo (CORDE) Oriente para tramitar las becas en Puebla del 4 al 14 de octubre en un horario de 8:00 a 15:00 horas.<\/p>\n\n\n\n<p>Las becas en Puebla ser\u00edan otorgadas a estudiantes en situaci\u00f3n vulnerable y el padre deber\u00eda tener cuenta bancaria, seg\u00fan la convocatoria de la SEP, sin embargo, en los d\u00edas previos a la protesta, cada vez que llegaban les indicaban que ya no hab\u00eda formatos, pues solo se entregaban 50 por d\u00eda y se terminaban temprano pues algunas personas llegabas a formarse desde la madrugada.<\/p>\n","protected":false},"excerpt":{"rendered":"<p>Padres y madres de familia cerraron el Bulevar 5 de Mayo a la altura de la 11 Oriente para demandar un formato para becas en Puebla luego de que la Secretar\u00eda de Educaci\u00f3n P\u00fablica (SEP) los convocar\u00e1 para obtenerla y posteriormente se las negara. Alrededor de las 9:30 de la ma\u00f1ana los inconformes decidieron bloquear [&hellip;]<\/p>\n","protected":false},"author":4,"featured_media":14506,"comment_status":"open","ping_status":"open","sticky":false,"template":"","format":"standard","meta":{"om_disable_all_campaigns":false,"_monsterinsights_skip_tracking":false,"_monsterinsights_sitenote_active":false,"_monsterinsights_sitenote_note":"","_monsterinsights_sitenote_category":0,"footnotes":""},"categories":[175],"tags":[195,223],"class_list":["post-14505","post","type-post","status-publish","format-standard","has-post-thumbnail","hentry","category-local","tag-principal","tag-puebla"],"amp_enabled":true,"_links":{"self":[{"href":"https:\/\/lahora.mx\/index.php\/wp-json\/wp\/v2\/posts\/14505","targetHints":{"allow":["GET"]}}],"collection":[{"href":"https:\/\/lahora.mx\/index.php\/wp-json\/wp\/v2\/posts"}],"about":[{"href":"https:\/\/lahora.mx\/index.php\/wp-json\/wp\/v2\/types\/post"}],"author":[{"embeddable":true,"href":"https:\/\/lahora.mx\/index.php\/wp-json\/wp\/v2\/users\/4"}],"replies":[{"embeddable":true,"href":"https:\/\/lahora.mx\/index.php\/wp-json\/wp\/v2\/comments?post=14505"}],"version-history":[{"count":1,"href":"https:\/\/lahora.mx\/index.php\/wp-json\/wp\/v2\/posts\/14505\/revisions"}],"predecessor-version":[{"id":14507,"href":"https:\/\/lahora.mx\/index.php\/wp-json\/wp\/v2\/posts\/14505\/revisions\/14507"}],"wp:featuredmedia":[{"embeddable":true,"href":"https:\/\/lahora.mx\/index.php\/wp-json\/wp\/v2\/media\/14506"}],"wp:attachment":[{"href":"https:\/\/lahora.mx\/index.php\/wp-json\/wp\/v2\/media?parent=14505"}],"wp:term":[{"taxonomy":"category","embeddable":true,"href":"https:\/\/lahora.mx\/index.php\/wp-json\/wp\/v2\/categories?post=14505"},{"taxonomy":"post_tag","embeddable":true,"href":"https:\/\/lahora.mx\/index.php\/wp-json\/wp\/v2\/tags?post=14505"}],"curies":[{"name":"wp","href":"https:\/\/api.w.org\/{rel}","templated":true}]}}