{"id":14502,"date":"2022-10-07T21:01:32","date_gmt":"2022-10-07T21:01:32","guid":{"rendered":"http:\/\/lahora.mx\/?p=14502"},"modified":"2022-10-07T21:01:33","modified_gmt":"2022-10-07T21:01:33","slug":"gobierno-de-puebla-busca-acuerdo-en-pro-del-cuidado-del-medio-ambiente","status":"publish","type":"post","link":"https:\/\/lahora.mx\/index.php\/2022\/10\/07\/gobierno-de-puebla-busca-acuerdo-en-pro-del-cuidado-del-medio-ambiente\/","title":{"rendered":"Gobierno de Puebla busca acuerdo en pro del cuidado del medio ambiente"},"content":{"rendered":"\n<p>El Gobierno de Puebla buscar\u00e1 signar un acuerdo con la C\u00e1mara de la Industria Textil de Puebla y Tlaxcala para la revisi\u00f3n del funcionamiento de empresas en materia de cuidado del medio ambiente.<\/p>\n\n\n\n<p>Indic\u00f3 que en la firma de este documento se busca integrar a la Conagua, Semarnat y los ayuntamientos, incluso a los mismos empresarios para que sean revisados y se pongan al corriente en este tipo de tr\u00e1mites, as\u00ed como servicios de funcionamiento.<\/p>\n\n\n\n<p>Destac\u00f3 que en revisiones de la Secretar\u00eda del Medio Ambniente se han encontrado empresas sin permisos de funcionar y mucho menos con plantas tratadoras, las cuales ponen de pretexto sentirse presionadas con este tipo de revisiones legales<br><br>\u00ab\u2026 por ello, he designado a la secretaria del Medio Ambiente, Beatriz Manrique, y la secretaria de Econom\u00eda, Olivia Salom\u00f3n, para que se pongan en contacto con Jorge Moreno Rojas, presidente de la c\u00e1mara y otros integrantes para llamarlos a que se regularicen y salvar el medio ambiente; no vamos a parar, en este gobierno no hay privilegios, hagamoslo por hijos, medio ambiente, mundo y entorno que es Puebla\u00bb, concluy\u00f3.<\/p>\n","protected":false},"excerpt":{"rendered":"<p>El Gobierno de Puebla buscar\u00e1 signar un acuerdo con la C\u00e1mara de la Industria Textil de Puebla y Tlaxcala para la revisi\u00f3n del funcionamiento de empresas en materia de cuidado del medio ambiente. Indic\u00f3 que en la firma de este documento se busca integrar a la Conagua, Semarnat y los ayuntamientos, incluso a los mismos [&hellip;]<\/p>\n","protected":false},"author":4,"featured_media":14503,"comment_status":"open","ping_status":"open","sticky":false,"template":"","format":"standard","meta":{"om_disable_all_campaigns":false,"_monsterinsights_skip_tracking":false,"_monsterinsights_sitenote_active":false,"_monsterinsights_sitenote_note":"","_monsterinsights_sitenote_category":0,"footnotes":""},"categories":[175],"tags":[223,210],"class_list":["post-14502","post","type-post","status-publish","format-standard","has-post-thumbnail","hentry","category-local","tag-puebla","tag-tlaxcala"],"amp_enabled":true,"_links":{"self":[{"href":"https:\/\/lahora.mx\/index.php\/wp-json\/wp\/v2\/posts\/14502","targetHints":{"allow":["GET"]}}],"collection":[{"href":"https:\/\/lahora.mx\/index.php\/wp-json\/wp\/v2\/posts"}],"about":[{"href":"https:\/\/lahora.mx\/index.php\/wp-json\/wp\/v2\/types\/post"}],"author":[{"embeddable":true,"href":"https:\/\/lahora.mx\/index.php\/wp-json\/wp\/v2\/users\/4"}],"replies":[{"embeddable":true,"href":"https:\/\/lahora.mx\/index.php\/wp-json\/wp\/v2\/comments?post=14502"}],"version-history":[{"count":2,"href":"https:\/\/lahora.mx\/index.php\/wp-json\/wp\/v2\/posts\/14502\/revisions"}],"predecessor-version":[{"id":14929,"href":"https:\/\/lahora.mx\/index.php\/wp-json\/wp\/v2\/posts\/14502\/revisions\/14929"}],"wp:featuredmedia":[{"embeddable":true,"href":"https:\/\/lahora.mx\/index.php\/wp-json\/wp\/v2\/media\/14503"}],"wp:attachment":[{"href":"https:\/\/lahora.mx\/index.php\/wp-json\/wp\/v2\/media?parent=14502"}],"wp:term":[{"taxonomy":"category","embeddable":true,"href":"https:\/\/lahora.mx\/index.php\/wp-json\/wp\/v2\/categories?post=14502"},{"taxonomy":"post_tag","embeddable":true,"href":"https:\/\/lahora.mx\/index.php\/wp-json\/wp\/v2\/tags?post=14502"}],"curies":[{"name":"wp","href":"https:\/\/api.w.org\/{rel}","templated":true}]}}