{"id":1450,"date":"2022-01-12T01:44:59","date_gmt":"2022-01-12T01:44:59","guid":{"rendered":"http:\/\/lahora.mx\/?p=1450"},"modified":"2022-01-12T01:44:59","modified_gmt":"2022-01-12T01:44:59","slug":"suspenden-clases-presenciales-en-puebla-por-vacuna-de-refuerzo-a-docentes-sep-autoriza-que-sean-online","status":"publish","type":"post","link":"https:\/\/lahora.mx\/index.php\/2022\/01\/12\/suspenden-clases-presenciales-en-puebla-por-vacuna-de-refuerzo-a-docentes-sep-autoriza-que-sean-online\/","title":{"rendered":"Suspenden clases presenciales en Puebla por vacuna de refuerzo a docentes; SEP autoriza que sean online."},"content":{"rendered":"<p>Para que los docentes puedan ir a la aplicaci\u00f3n de su vacuna de refuerzo en contra del Coronavirus, se les autoriz\u00f3 dar clases a distancia los d\u00edas <strong>12,13 y 14<\/strong> <strong>de enero<\/strong>. Por lo tanto, \u00a0podr\u00e1n dar clases a distancia \u00fanicamente los d\u00edas establecidos de enero, a fin de que puedan ir a la aplicaci\u00f3n de su vacuna.<\/p>\n<blockquote class=\"twitter-tweet\">\n<p dir=\"ltr\" lang=\"es\">Conoce las sedes de vacunaci\u00f3n que estar\u00e1n disponibles los d\u00edas 12, 13 y 14 de enero, para las y los trabajadores de la educaci\u00f3n. <a href=\"https:\/\/t.co\/Fj4jjAzugI\">pic.twitter.com\/Fj4jjAzugI<\/a><\/p>\n<p>\u2014 Secretar\u00eda de Educaci\u00f3n (@SEPGobPue) <a href=\"https:\/\/twitter.com\/SEPGobPue\/status\/1481064773013880833?ref_src=twsrc%5Etfw\">January 12, 2022<\/a><\/p><\/blockquote>\n<p><script async src=\"https:\/\/platform.twitter.com\/widgets.js\" charset=\"utf-8\"><\/script><\/p>\n<p>&nbsp;<\/p>\n<p>A trav\u00e9s de un comunicado la <strong>Secretaria de Educaci\u00f3n P\u00fablica<\/strong> dio a conocer dicha medida, lo cual aplicar\u00e1 tanto para maestros de escuelas p\u00fablicas como privadas. En este sentido se hace un llamado a los docentes para que tomen las medidas necesarias para continuar con las <strong>clases online<\/strong>, retomando hasta el lunes el <strong>modelo h\u00edbrido<\/strong>.<\/p>\n<p>De acuerdo con la log\u00edstica, la jornada de vacunaci\u00f3n ser\u00e1 solamente para aquellos que recibieron la vacuna <strong>CanSino<\/strong> hace seis meses y ahora les ser\u00e1 aplicada la vacuna Moderna.<\/p>\n<p>&nbsp;<\/p>\n<p>&nbsp;<\/p>\n","protected":false},"excerpt":{"rendered":"<p>Para que los docentes puedan ir a la aplicaci\u00f3n de su vacuna de refuerzo en contra del Coronavirus, se les autoriz\u00f3 dar clases a distancia los d\u00edas 12,13 y 14 de enero. Por lo tanto, \u00a0podr\u00e1n dar clases a distancia \u00fanicamente los d\u00edas establecidos de enero, a fin de que puedan ir a la aplicaci\u00f3n [&hellip;]<\/p>\n","protected":false},"author":5,"featured_media":1451,"comment_status":"open","ping_status":"open","sticky":false,"template":"","format":"standard","meta":{"om_disable_all_campaigns":false,"_monsterinsights_skip_tracking":false,"_monsterinsights_sitenote_active":false,"_monsterinsights_sitenote_note":"","_monsterinsights_sitenote_category":0,"footnotes":""},"categories":[175],"tags":[223],"class_list":["post-1450","post","type-post","status-publish","format-standard","has-post-thumbnail","hentry","category-local","tag-puebla"],"amp_enabled":true,"_links":{"self":[{"href":"https:\/\/lahora.mx\/index.php\/wp-json\/wp\/v2\/posts\/1450","targetHints":{"allow":["GET"]}}],"collection":[{"href":"https:\/\/lahora.mx\/index.php\/wp-json\/wp\/v2\/posts"}],"about":[{"href":"https:\/\/lahora.mx\/index.php\/wp-json\/wp\/v2\/types\/post"}],"author":[{"embeddable":true,"href":"https:\/\/lahora.mx\/index.php\/wp-json\/wp\/v2\/users\/5"}],"replies":[{"embeddable":true,"href":"https:\/\/lahora.mx\/index.php\/wp-json\/wp\/v2\/comments?post=1450"}],"version-history":[{"count":1,"href":"https:\/\/lahora.mx\/index.php\/wp-json\/wp\/v2\/posts\/1450\/revisions"}],"predecessor-version":[{"id":1452,"href":"https:\/\/lahora.mx\/index.php\/wp-json\/wp\/v2\/posts\/1450\/revisions\/1452"}],"wp:featuredmedia":[{"embeddable":true,"href":"https:\/\/lahora.mx\/index.php\/wp-json\/wp\/v2\/media\/1451"}],"wp:attachment":[{"href":"https:\/\/lahora.mx\/index.php\/wp-json\/wp\/v2\/media?parent=1450"}],"wp:term":[{"taxonomy":"category","embeddable":true,"href":"https:\/\/lahora.mx\/index.php\/wp-json\/wp\/v2\/categories?post=1450"},{"taxonomy":"post_tag","embeddable":true,"href":"https:\/\/lahora.mx\/index.php\/wp-json\/wp\/v2\/tags?post=1450"}],"curies":[{"name":"wp","href":"https:\/\/api.w.org\/{rel}","templated":true}]}}