{"id":14499,"date":"2022-10-07T20:48:35","date_gmt":"2022-10-07T20:48:35","guid":{"rendered":"http:\/\/lahora.mx\/?p=14499"},"modified":"2022-10-07T20:57:25","modified_gmt":"2022-10-07T20:57:25","slug":"12-casos-de-viruela-del-mono-en-puebla-hay-cuatro-activos","status":"publish","type":"post","link":"https:\/\/lahora.mx\/index.php\/2022\/10\/07\/12-casos-de-viruela-del-mono-en-puebla-hay-cuatro-activos\/","title":{"rendered":"12 casos de viruela del mono en Puebla; hay cuatro activos"},"content":{"rendered":"\n<p>El secretario de Salud, Jos\u00e9 Antonio Mart\u00ednez Garc\u00eda se\u00f1al\u00f3 que Puebla suma 12 casos de viruela s\u00edmica. Dijo que ocho pacientes ya fueron dados de alta y cuatro siguen en observaci\u00f3n, sin gravedad.<\/p>\n\n\n\n<p>Indic\u00f3 que ya est\u00e1n en etapa de costra y deben aislarse por 21 d\u00edas, pues a\u00fan podr\u00edan transmitir la enfermedad a m\u00e1s personas.<\/p>\n\n\n\n<p>Refiri\u00f3 que los pacientes en activo se mantienen en cerco sanitario y vigilancia epidemiol\u00f3gica.<\/p>\n","protected":false},"excerpt":{"rendered":"<p>El secretario de Salud, Jos\u00e9 Antonio Mart\u00ednez Garc\u00eda se\u00f1al\u00f3 que Puebla suma 12 casos de viruela s\u00edmica. Dijo que ocho pacientes ya fueron dados de alta y cuatro siguen en observaci\u00f3n, sin gravedad. Indic\u00f3 que ya est\u00e1n en etapa de costra y deben aislarse por 21 d\u00edas, pues a\u00fan podr\u00edan transmitir la enfermedad a m\u00e1s [&hellip;]<\/p>\n","protected":false},"author":4,"featured_media":14500,"comment_status":"open","ping_status":"open","sticky":false,"template":"","format":"standard","meta":{"om_disable_all_campaigns":false,"_monsterinsights_skip_tracking":false,"_monsterinsights_sitenote_active":false,"_monsterinsights_sitenote_note":"","_monsterinsights_sitenote_category":0,"footnotes":""},"categories":[175],"tags":[195,223],"class_list":["post-14499","post","type-post","status-publish","format-standard","has-post-thumbnail","hentry","category-local","tag-principal","tag-puebla"],"amp_enabled":true,"_links":{"self":[{"href":"https:\/\/lahora.mx\/index.php\/wp-json\/wp\/v2\/posts\/14499","targetHints":{"allow":["GET"]}}],"collection":[{"href":"https:\/\/lahora.mx\/index.php\/wp-json\/wp\/v2\/posts"}],"about":[{"href":"https:\/\/lahora.mx\/index.php\/wp-json\/wp\/v2\/types\/post"}],"author":[{"embeddable":true,"href":"https:\/\/lahora.mx\/index.php\/wp-json\/wp\/v2\/users\/4"}],"replies":[{"embeddable":true,"href":"https:\/\/lahora.mx\/index.php\/wp-json\/wp\/v2\/comments?post=14499"}],"version-history":[{"count":1,"href":"https:\/\/lahora.mx\/index.php\/wp-json\/wp\/v2\/posts\/14499\/revisions"}],"predecessor-version":[{"id":14501,"href":"https:\/\/lahora.mx\/index.php\/wp-json\/wp\/v2\/posts\/14499\/revisions\/14501"}],"wp:featuredmedia":[{"embeddable":true,"href":"https:\/\/lahora.mx\/index.php\/wp-json\/wp\/v2\/media\/14500"}],"wp:attachment":[{"href":"https:\/\/lahora.mx\/index.php\/wp-json\/wp\/v2\/media?parent=14499"}],"wp:term":[{"taxonomy":"category","embeddable":true,"href":"https:\/\/lahora.mx\/index.php\/wp-json\/wp\/v2\/categories?post=14499"},{"taxonomy":"post_tag","embeddable":true,"href":"https:\/\/lahora.mx\/index.php\/wp-json\/wp\/v2\/tags?post=14499"}],"curies":[{"name":"wp","href":"https:\/\/api.w.org\/{rel}","templated":true}]}}