{"id":14492,"date":"2022-10-05T18:41:42","date_gmt":"2022-10-05T18:41:42","guid":{"rendered":"http:\/\/lahora.mx\/?p=14492"},"modified":"2022-10-05T18:41:42","modified_gmt":"2022-10-05T18:41:42","slug":"amplian-capacidad-de-atencion-medica-en-tlaxcala","status":"publish","type":"post","link":"https:\/\/lahora.mx\/index.php\/2022\/10\/05\/amplian-capacidad-de-atencion-medica-en-tlaxcala\/","title":{"rendered":"Ampl\u00edan capacidad de atenci\u00f3n m\u00e9dica en Tlaxcala"},"content":{"rendered":"\n<p>Con 26 m\u00e9dicos originarios de Cuba, que ayer arribaron a la entidad, en Tlaxcala ser\u00e1 ampliada la capacidad operativa y de respuesta del sector salud, y con ello ser\u00e1n cubiertas las carencias en materia de especialidades, sobre todo en zonas y jurisdicciones sanitarias marginadas.<br>La llegada de los especialistas significa tambi\u00e9n la consolidaci\u00f3n en el estado del sistema IMSS-Bienestar, pues adem\u00e1s de que ayer fueron nombrados los nuevos directores que estar\u00e1n al frente de los hospitales que forman parte de ese modelo, tambi\u00e9n quedaron diferenciadas sus actividades de las de la Secretar\u00eda de Salud del estado (Sesa).<br><\/p>\n\n\n\n<p>En el evento oficial, donde estuvo acompa\u00f1ada, entre otras personas, del enlace entre el IMSS-Bienestar y la Sesa, Gabriel Guti\u00e9rrez Morales, y del vicec\u00f3nsul de Cuba en M\u00e9xico, Jos\u00e9 \u00c1ngel Carre\u00f1o Segura, la mandataria estatal destac\u00f3 que ese grupo de especialistas fortalecer\u00e1 el sistema de atenci\u00f3n de los hospitales del estado.<\/p>\n\n\n\n<p>Ah\u00ed, destac\u00f3 que los m\u00e9dicos cuentan con especialidades en cardiolog\u00eda, nefrolog\u00eda, oftalmolog\u00eda, neurolog\u00eda, otorrinolaringolog\u00eda, medicina interna, pediatr\u00eda y dermatolog\u00eda, y que dar\u00e1n atenci\u00f3n en los nosocomios de Calpulalpan, Tequexquitla, Huamantla, San Bernardino Contla, Tlaxcala, Tlaxco, Zacatelco y en el Hospital de Tzompantepec.<br><\/p>\n\n\n\n<p>Sin embargo, aclar\u00f3 que los 26 galenos forman parte apenas de la primera etapa para acercar servicios de salud de alta especialidad a los municipios del estado, pues adelant\u00f3 que en poco tiempo arribar\u00e1n m\u00e1s m\u00e9dicos cubanos.<\/p>\n\n\n\n<p>Cu\u00e9llar Cisneros tambi\u00e9n encabez\u00f3 la entrega de nombramientos de los directivos de los hospitales del Organismo P\u00fablico Descentralizado (OPD) IMSS-Bienestar y de la Sesa, ubicados en Contla, Calpulalpan, Huamantla, Tzompantepec, Tlaxcala, San Pablo del Monte, Zacatelco, as\u00ed como del Hospital de la Mujer, a titulares de jefaturas de Enfermer\u00eda y de Hospitales, del Centro de Transfusi\u00f3n Sangu\u00ednea y del Complejo de Atenci\u00f3n Especializada en Salud y Bienestar.<\/p>\n\n\n\n<p>Se\u00f1al\u00f3 que con esas designaciones pr\u00e1cticamente hacen una divisi\u00f3n de las actividades que tendr\u00e1 la Secretar\u00eda de Salud del estado, y las que se llevar\u00e1n a cabo como IMSS-Bienestar.<\/p>\n\n\n\n<p>La transici\u00f3n del sistema de salud hac\u00eda el IMSS-Bienestar se ha llevado a cabo buscando fortalecer y hacer mejor y m\u00e1s eficiente nuestro sistema, mejorando el servicio, aumentando los horarios y d\u00edas de atenci\u00f3n, y procurando que no falten los medicamentos,<br>expres\u00f3.<\/p>\n\n\n\n<p>Asever\u00f3 que el proceso ha sido pensando en el bienestar de los usuarios y que de esa forma oficialmente aumentan los beneficios en favor de la poblaci\u00f3n m\u00e1s necesitada del estado, en lo que corresponde al primero y segundo nivel de atenci\u00f3n.<br><\/p>\n\n\n\n<p>Julio Guti\u00e9rrez M\u00e9ndez, titular del \u00d3rgano de Operaci\u00f3n Administrativa Desconcentrada del IMSS en Tlaxcala, detall\u00f3 que ellos son los primeros profesionales m\u00e9dicos especializados, quienes fueron recibidos por el vicec\u00f3nsul de Cuba en M\u00e9xico, Jos\u00e9 \u00c1ngel Carre\u00f1o, y por personal del IMSS-Bienestar.<\/p>\n\n\n\n<p>Esta semana estar\u00e1n en capacitaci\u00f3n sobre el modelo del IMSS-Bienestar, asimismo, realizar\u00e1n algunas visitas a los primeros ocho hospitales donde prestar\u00e1n sus servicios profesionales<br>, coment\u00f3.<\/p>\n\n\n\n<p>Pidi\u00f3 al gobierno estatal y los municipios, una vez concluida la capacitaci\u00f3n, les brinde a los m\u00e9dicos cubanos el apoyo con alojamiento digno y alimentaci\u00f3n suficiente para que, adem\u00e1s del personal adscrito a los hospitales, contribuyan a recuperar la salud de la poblaci\u00f3n tlaxcalteca.<\/p>\n\n\n\n<p>DEFINEN IMSS-BIENESTAR Y SESA<br>Gabriel Guti\u00e9rrez Morales ser\u00e1 en Tlaxcala el encargado de la operaci\u00f3n del OPD IMSS-Bienestar, modelo que estar\u00e1 a cargo de los servicios del primer y segundo nivel de atenci\u00f3n; mientras que al frente de la Secretar\u00eda de Salud del estado (Sesa) seguir\u00e1 Rigoberto Zamudio Meneses, en el tercer nivel.<br>Al hacer uso de la voz, Guti\u00e9rrez Morales coment\u00f3 que el objetivo del IMSS-Bienestar es que la comunidad tlaxcalteca sin seguridad social tenga acceso a los servicios de salud de una forma oportuna, eficaz y eficiente.<\/p>\n\n\n\n<p>Destac\u00f3 que la salud es uno de los proyectos fundamentales de la gobernadora Lorena Cu\u00e9llar Cisneros, y que ese derecho se har\u00e1 efectivo con la incorporaci\u00f3n de los m\u00e9dicos especialistas de Cuba en centros hospitalarios espec\u00edficos, sobre todo en los que no se contaba con esos recursos.<\/p>\n\n\n\n<p>Por otro lado, con relaci\u00f3n a los nombramientos hechos al frente de los hospitales del IMSS-Bienestar y Sesa, dijo que trabajar\u00e1n hombro con hombro con los nuevos directores de los diferentes centros, a fin de consolidar el objetivo de la mandataria. \u201cEste programa conjuga la atenci\u00f3n m\u00e9dica hospitalaria con las acciones de promoci\u00f3n en la propia comunidad\u201d, expres\u00f3.<\/p>\n","protected":false},"excerpt":{"rendered":"<p>Con 26 m\u00e9dicos originarios de Cuba, que ayer arribaron a la entidad, en Tlaxcala ser\u00e1 ampliada la capacidad operativa y de respuesta del sector salud, y con ello ser\u00e1n cubiertas las carencias en materia de especialidades, sobre todo en zonas y jurisdicciones sanitarias marginadas.La llegada de los especialistas significa tambi\u00e9n la consolidaci\u00f3n en el estado [&hellip;]<\/p>\n","protected":false},"author":4,"featured_media":14493,"comment_status":"open","ping_status":"open","sticky":false,"template":"","format":"standard","meta":{"om_disable_all_campaigns":false,"_monsterinsights_skip_tracking":false,"_monsterinsights_sitenote_active":false,"_monsterinsights_sitenote_note":"","_monsterinsights_sitenote_category":0,"footnotes":""},"categories":[175],"tags":[223,210],"class_list":["post-14492","post","type-post","status-publish","format-standard","has-post-thumbnail","hentry","category-local","tag-puebla","tag-tlaxcala"],"amp_enabled":true,"_links":{"self":[{"href":"https:\/\/lahora.mx\/index.php\/wp-json\/wp\/v2\/posts\/14492","targetHints":{"allow":["GET"]}}],"collection":[{"href":"https:\/\/lahora.mx\/index.php\/wp-json\/wp\/v2\/posts"}],"about":[{"href":"https:\/\/lahora.mx\/index.php\/wp-json\/wp\/v2\/types\/post"}],"author":[{"embeddable":true,"href":"https:\/\/lahora.mx\/index.php\/wp-json\/wp\/v2\/users\/4"}],"replies":[{"embeddable":true,"href":"https:\/\/lahora.mx\/index.php\/wp-json\/wp\/v2\/comments?post=14492"}],"version-history":[{"count":2,"href":"https:\/\/lahora.mx\/index.php\/wp-json\/wp\/v2\/posts\/14492\/revisions"}],"predecessor-version":[{"id":14938,"href":"https:\/\/lahora.mx\/index.php\/wp-json\/wp\/v2\/posts\/14492\/revisions\/14938"}],"wp:featuredmedia":[{"embeddable":true,"href":"https:\/\/lahora.mx\/index.php\/wp-json\/wp\/v2\/media\/14493"}],"wp:attachment":[{"href":"https:\/\/lahora.mx\/index.php\/wp-json\/wp\/v2\/media?parent=14492"}],"wp:term":[{"taxonomy":"category","embeddable":true,"href":"https:\/\/lahora.mx\/index.php\/wp-json\/wp\/v2\/categories?post=14492"},{"taxonomy":"post_tag","embeddable":true,"href":"https:\/\/lahora.mx\/index.php\/wp-json\/wp\/v2\/tags?post=14492"}],"curies":[{"name":"wp","href":"https:\/\/api.w.org\/{rel}","templated":true}]}}