{"id":14489,"date":"2022-10-05T18:19:04","date_gmt":"2022-10-05T18:19:04","guid":{"rendered":"http:\/\/lahora.mx\/?p=14489"},"modified":"2022-10-05T18:19:05","modified_gmt":"2022-10-05T18:19:05","slug":"padre-abusa-de-su-propia-hija-de-12-anos-de-edad-en-puebla","status":"publish","type":"post","link":"https:\/\/lahora.mx\/index.php\/2022\/10\/05\/padre-abusa-de-su-propia-hija-de-12-anos-de-edad-en-puebla\/","title":{"rendered":"Padre abusa de su propia hija de 12 a\u00f1os de edad en Puebla"},"content":{"rendered":"\n<p>Una ni\u00f1a de apenas 12 a\u00f1os de edad fue v\u00edctima de abuso sexual en Puebla, presuntamente, por su propio padre, de nombre Jos\u00e9 Antonio N., en al menos tres ocasiones.<\/p>\n\n\n\n<p>De acuerdo con un comunicado de la Fiscal\u00eda General del Estado, los hechos ocurrieron en la Unidad Habitacional Solidaridad Nacional en 2018 y 2021.<br>Las investigaciones revelan que en diciembre del 2018 \u201ccuando la v\u00edctima de 12 a\u00f1os lleg\u00f3 a su domicilio\u2026 en compa\u00f1\u00eda de su padre, \u00e9ste la atac\u00f3 de forma sexual en su habitaci\u00f3n\u201d.<\/p>\n\n\n\n<p>El mismo infierno vivi\u00f3 la infanta en agosto de 2021 y octubre del mismo a\u00f1o, por fortuna en esta \u00faltima ocasi\u00f3n el presunto abusador sexual fue descubierto por la madre de la adolescente.<\/p>\n\n\n\n<p>En audiencia, la Fiscal\u00eda de Puebla formul\u00f3 imputaci\u00f3n en contra del hombre y present\u00f3 datos probatorios que permitieron obtener su vinculaci\u00f3n a proceso con la medida cautelar de prisi\u00f3n preventiva oficiosa por los delitos de abuso sexual en Puebla y violaci\u00f3n agravada y equiparada presuntamente cometidos en contra de su hija.<\/p>\n","protected":false},"excerpt":{"rendered":"<p>Una ni\u00f1a de apenas 12 a\u00f1os de edad fue v\u00edctima de abuso sexual en Puebla, presuntamente, por su propio padre, de nombre Jos\u00e9 Antonio N., en al menos tres ocasiones. De acuerdo con un comunicado de la Fiscal\u00eda General del Estado, los hechos ocurrieron en la Unidad Habitacional Solidaridad Nacional en 2018 y 2021.Las investigaciones [&hellip;]<\/p>\n","protected":false},"author":4,"featured_media":14490,"comment_status":"open","ping_status":"open","sticky":false,"template":"","format":"standard","meta":{"om_disable_all_campaigns":false,"_monsterinsights_skip_tracking":false,"_monsterinsights_sitenote_active":false,"_monsterinsights_sitenote_note":"","_monsterinsights_sitenote_category":0,"footnotes":""},"categories":[175,226],"tags":[195,223],"class_list":["post-14489","post","type-post","status-publish","format-standard","has-post-thumbnail","hentry","category-local","category-policia","tag-principal","tag-puebla"],"amp_enabled":true,"_links":{"self":[{"href":"https:\/\/lahora.mx\/index.php\/wp-json\/wp\/v2\/posts\/14489","targetHints":{"allow":["GET"]}}],"collection":[{"href":"https:\/\/lahora.mx\/index.php\/wp-json\/wp\/v2\/posts"}],"about":[{"href":"https:\/\/lahora.mx\/index.php\/wp-json\/wp\/v2\/types\/post"}],"author":[{"embeddable":true,"href":"https:\/\/lahora.mx\/index.php\/wp-json\/wp\/v2\/users\/4"}],"replies":[{"embeddable":true,"href":"https:\/\/lahora.mx\/index.php\/wp-json\/wp\/v2\/comments?post=14489"}],"version-history":[{"count":1,"href":"https:\/\/lahora.mx\/index.php\/wp-json\/wp\/v2\/posts\/14489\/revisions"}],"predecessor-version":[{"id":14491,"href":"https:\/\/lahora.mx\/index.php\/wp-json\/wp\/v2\/posts\/14489\/revisions\/14491"}],"wp:featuredmedia":[{"embeddable":true,"href":"https:\/\/lahora.mx\/index.php\/wp-json\/wp\/v2\/media\/14490"}],"wp:attachment":[{"href":"https:\/\/lahora.mx\/index.php\/wp-json\/wp\/v2\/media?parent=14489"}],"wp:term":[{"taxonomy":"category","embeddable":true,"href":"https:\/\/lahora.mx\/index.php\/wp-json\/wp\/v2\/categories?post=14489"},{"taxonomy":"post_tag","embeddable":true,"href":"https:\/\/lahora.mx\/index.php\/wp-json\/wp\/v2\/tags?post=14489"}],"curies":[{"name":"wp","href":"https:\/\/api.w.org\/{rel}","templated":true}]}}