{"id":14420,"date":"2022-10-04T17:17:46","date_gmt":"2022-10-04T17:17:46","guid":{"rendered":"http:\/\/lahora.mx\/?p=14420"},"modified":"2022-10-04T17:17:48","modified_gmt":"2022-10-04T17:17:48","slug":"950-mil-personas-son-beneficiadas-con-el-credito-contigo-en-ciudad-de-puebla","status":"publish","type":"post","link":"https:\/\/lahora.mx\/index.php\/2022\/10\/04\/950-mil-personas-son-beneficiadas-con-el-credito-contigo-en-ciudad-de-puebla\/","title":{"rendered":"950 mil personas son beneficiadas con  el Cr\u00e9dito contigo en ciudad de Puebla"},"content":{"rendered":"\n<p>El presidente municipal de Puebla, Eduardo Rivera P\u00e9rez, inform\u00f3 que en menos de un a\u00f1o se cumpli\u00f3 la meta de otorgar 950 cheques del programa \u00abCr\u00e9dito Contigo\u00bb.<\/p>\n\n\n\n<p>Desde la Unidad Habitacional San Pedro, el alcalde hizo la entrega simb\u00f3lica del cheque 950 por un monto de 25 mil pesos a la ciudadana Mar\u00eda Ocotl\u00e1n para la reactivaci\u00f3n de su negocio.<\/p>\n\n\n\n<p><br>Rivera P\u00e9rez, dijo que, en total, se recibieron m\u00e1s de 3 mil solicitudes, otorgando seis cr\u00e9ditos al d\u00eda desde que arranc\u00f3 el programa el pasado 17 de mayo.<\/p>\n\n\n\n<p>Destac\u00f3 que 400 de estos cr\u00e9ditos fueron destinados a las Beneficiarias del Programa \u00abContigo Mujer\u00bb.<\/p>\n\n\n\n<p>El primer regidor se\u00f1al\u00f3 que a trav\u00e9s de este tipo de apoyos se reactiva la econom\u00eda dado que los peque\u00f1os empresarios son generadores de empleos.<br>Finalmente, record\u00f3 que el gobierno de la ciudad es el que paga los intereses de los apoyos del programa Cr\u00e9dito Contigo, mismos que ascienden a 3 millones 550 mil pesos.<\/p>\n","protected":false},"excerpt":{"rendered":"<p>El presidente municipal de Puebla, Eduardo Rivera P\u00e9rez, inform\u00f3 que en menos de un a\u00f1o se cumpli\u00f3 la meta de otorgar 950 cheques del programa \u00abCr\u00e9dito Contigo\u00bb. Desde la Unidad Habitacional San Pedro, el alcalde hizo la entrega simb\u00f3lica del cheque 950 por un monto de 25 mil pesos a la ciudadana Mar\u00eda Ocotl\u00e1n para [&hellip;]<\/p>\n","protected":false},"author":4,"featured_media":14421,"comment_status":"open","ping_status":"open","sticky":false,"template":"","format":"standard","meta":{"om_disable_all_campaigns":false,"_monsterinsights_skip_tracking":false,"_monsterinsights_sitenote_active":false,"_monsterinsights_sitenote_note":"","_monsterinsights_sitenote_category":0,"footnotes":""},"categories":[175],"tags":[223],"class_list":["post-14420","post","type-post","status-publish","format-standard","has-post-thumbnail","hentry","category-local","tag-puebla"],"amp_enabled":true,"_links":{"self":[{"href":"https:\/\/lahora.mx\/index.php\/wp-json\/wp\/v2\/posts\/14420","targetHints":{"allow":["GET"]}}],"collection":[{"href":"https:\/\/lahora.mx\/index.php\/wp-json\/wp\/v2\/posts"}],"about":[{"href":"https:\/\/lahora.mx\/index.php\/wp-json\/wp\/v2\/types\/post"}],"author":[{"embeddable":true,"href":"https:\/\/lahora.mx\/index.php\/wp-json\/wp\/v2\/users\/4"}],"replies":[{"embeddable":true,"href":"https:\/\/lahora.mx\/index.php\/wp-json\/wp\/v2\/comments?post=14420"}],"version-history":[{"count":1,"href":"https:\/\/lahora.mx\/index.php\/wp-json\/wp\/v2\/posts\/14420\/revisions"}],"predecessor-version":[{"id":14422,"href":"https:\/\/lahora.mx\/index.php\/wp-json\/wp\/v2\/posts\/14420\/revisions\/14422"}],"wp:featuredmedia":[{"embeddable":true,"href":"https:\/\/lahora.mx\/index.php\/wp-json\/wp\/v2\/media\/14421"}],"wp:attachment":[{"href":"https:\/\/lahora.mx\/index.php\/wp-json\/wp\/v2\/media?parent=14420"}],"wp:term":[{"taxonomy":"category","embeddable":true,"href":"https:\/\/lahora.mx\/index.php\/wp-json\/wp\/v2\/categories?post=14420"},{"taxonomy":"post_tag","embeddable":true,"href":"https:\/\/lahora.mx\/index.php\/wp-json\/wp\/v2\/tags?post=14420"}],"curies":[{"name":"wp","href":"https:\/\/api.w.org\/{rel}","templated":true}]}}