{"id":14384,"date":"2022-10-03T22:59:55","date_gmt":"2022-10-03T22:59:55","guid":{"rendered":"http:\/\/lahora.mx\/?p=14384"},"modified":"2022-10-03T22:59:57","modified_gmt":"2022-10-03T22:59:57","slug":"a-partir-del-4-al-6-de-octubre-aplicaran-dosis-vacunas-covid-en-puebla-a-los-5-a-17-anos","status":"publish","type":"post","link":"https:\/\/lahora.mx\/index.php\/2022\/10\/03\/a-partir-del-4-al-6-de-octubre-aplicaran-dosis-vacunas-covid-en-puebla-a-los-5-a-17-anos\/","title":{"rendered":"A partir del 4 al 6 de octubre aplicar\u00e1n dosis vacunas covid en Puebla a los 5 a 17 a\u00f1os"},"content":{"rendered":"\n<p>A partir del martes 4 y hasta el jueves 6 de octubre habr\u00e1 vacunaci\u00f3n contra covid-19 en 74 municipios como Acatl\u00e1n, Chiautla, Chignahuapan, Huauchinango, Jalpan, Tulcingo, Xicotepec y Zacatl\u00e1n. Aplicar\u00e1n primera y segunda dosis para ni\u00f1as y ni\u00f1os de 5 a 11 a\u00f1os, as\u00ed como para adolescentes de 12 a 17 a\u00f1os.<\/p>\n\n\n\n<p>El secretario de Salud estatal, Jos\u00e9 Antonio Mart\u00ednez Garc\u00eda, dio a conocer la ma\u00f1ana de este lunes que para esta nueva jornada de vacunaci\u00f3n se contar\u00e1 con 106 m\u00f3dulos que estar\u00e1n atendiendo a partir de las 8 de la ma\u00f1ana y hasta las 4 de la tarde.<\/p>\n\n\n\n<p>Detall\u00f3 que se pondr\u00e1n primera dosis a ni\u00f1as y ni\u00f1os de 5 a 11 a\u00f1os, as\u00ed como segundas dosis para ese mismo grupo de edad, aunque para los que recibieron la primera vacuna entre el 22 de agosto y 3 de septiembre.<\/p>\n\n\n\n<p>Adem\u00e1n, aplicar\u00e1n segunda dosis a adolescentes de 12 a 17 a\u00f1os que se pusieron la primera dentro del periodo antes mencionado.<\/p>\n\n\n\n<p>El orden para la aplicaci\u00f3n del biol\u00f3gico ser\u00e1 por apellidos, por lo que el martes se empezar\u00e1 con los que su letra inicial vaya de la A a la G, mi\u00e9rcoles ser\u00e1 el turno para los de la H a la P, y se finalizar\u00e1 con los que su apellido inicie con la Q y hasta la Z. Las fechas se pueden consultar en la p\u00e1gina https:\/\/previenecovid19.puebla.gob.mx\/vacuna.<\/p>\n\n\n\n<p>Se debe recordar que madres, padres y tutores de los menores deben asegurarse que el menor cuente con su hoja de registro con el c\u00f3digo QR que se puede descargar en la p\u00e1gina https:\/\/mivacuna.salud.gob.mx\/index.php.<\/p>\n\n\n\n<p>Quienes acudan a vacunarse deben presentar la carta impresa de consentimiento, copia de su CURP, as\u00ed como una copia de la identificaci\u00f3n oficial de la madre, padre o tutor, y un comprobante domiciliario no mayor a tres meses.<\/p>\n\n\n\n<p>Contagios covid en Puebla<br>Por otra parte, Mart\u00ednez Garc\u00eda inform\u00f3 que durante el fin de semana Puebla sum\u00f3 33 nuevos contagios de covid-19, pues el viernes hubo diez, el s\u00e1bado 12 y el domingo 11.<\/p>\n\n\n\n<p>Asimismo, precis\u00f3, se reportaron 209 casos activos distribuidos en 26 municipios y hubo una defunci\u00f3n entre el viernes y domingo.<\/p>\n\n\n\n<p>El funcionario estatal finalmente indic\u00f3 que en el estado de Puebla hay siete personas hospitalizadas por covid-19, aunque ninguna esta intubada.<\/p>\n","protected":false},"excerpt":{"rendered":"<p>A partir del martes 4 y hasta el jueves 6 de octubre habr\u00e1 vacunaci\u00f3n contra covid-19 en 74 municipios como Acatl\u00e1n, Chiautla, Chignahuapan, Huauchinango, Jalpan, Tulcingo, Xicotepec y Zacatl\u00e1n. Aplicar\u00e1n primera y segunda dosis para ni\u00f1as y ni\u00f1os de 5 a 11 a\u00f1os, as\u00ed como para adolescentes de 12 a 17 a\u00f1os. El secretario de [&hellip;]<\/p>\n","protected":false},"author":4,"featured_media":14385,"comment_status":"open","ping_status":"open","sticky":false,"template":"","format":"standard","meta":{"om_disable_all_campaigns":false,"_monsterinsights_skip_tracking":false,"_monsterinsights_sitenote_active":false,"_monsterinsights_sitenote_note":"","_monsterinsights_sitenote_category":0,"footnotes":""},"categories":[175],"tags":[195],"class_list":["post-14384","post","type-post","status-publish","format-standard","has-post-thumbnail","hentry","category-local","tag-principal"],"amp_enabled":true,"_links":{"self":[{"href":"https:\/\/lahora.mx\/index.php\/wp-json\/wp\/v2\/posts\/14384","targetHints":{"allow":["GET"]}}],"collection":[{"href":"https:\/\/lahora.mx\/index.php\/wp-json\/wp\/v2\/posts"}],"about":[{"href":"https:\/\/lahora.mx\/index.php\/wp-json\/wp\/v2\/types\/post"}],"author":[{"embeddable":true,"href":"https:\/\/lahora.mx\/index.php\/wp-json\/wp\/v2\/users\/4"}],"replies":[{"embeddable":true,"href":"https:\/\/lahora.mx\/index.php\/wp-json\/wp\/v2\/comments?post=14384"}],"version-history":[{"count":1,"href":"https:\/\/lahora.mx\/index.php\/wp-json\/wp\/v2\/posts\/14384\/revisions"}],"predecessor-version":[{"id":14386,"href":"https:\/\/lahora.mx\/index.php\/wp-json\/wp\/v2\/posts\/14384\/revisions\/14386"}],"wp:featuredmedia":[{"embeddable":true,"href":"https:\/\/lahora.mx\/index.php\/wp-json\/wp\/v2\/media\/14385"}],"wp:attachment":[{"href":"https:\/\/lahora.mx\/index.php\/wp-json\/wp\/v2\/media?parent=14384"}],"wp:term":[{"taxonomy":"category","embeddable":true,"href":"https:\/\/lahora.mx\/index.php\/wp-json\/wp\/v2\/categories?post=14384"},{"taxonomy":"post_tag","embeddable":true,"href":"https:\/\/lahora.mx\/index.php\/wp-json\/wp\/v2\/tags?post=14384"}],"curies":[{"name":"wp","href":"https:\/\/api.w.org\/{rel}","templated":true}]}}