{"id":14293,"date":"2022-10-01T23:08:11","date_gmt":"2022-10-01T23:08:11","guid":{"rendered":"http:\/\/lahora.mx\/?p=14293"},"modified":"2022-10-01T23:08:12","modified_gmt":"2022-10-01T23:08:12","slug":"se-registra-en-tabasco-desplome-de-helicoptero-de-la-marina","status":"publish","type":"post","link":"https:\/\/lahora.mx\/index.php\/2022\/10\/01\/se-registra-en-tabasco-desplome-de-helicoptero-de-la-marina\/","title":{"rendered":"Se registra en Tabasco desplome de helic\u00f3ptero de la Marina"},"content":{"rendered":"\n<p>Tres elementos de la Secretar\u00eda de Marina (Semar) murieron y dos sufrieron lesiones al desplomarse este s\u00e1bado el helic\u00f3ptero en el que efectuaban un vuelo de reconocimiento en inmediaciones de Frontera, municipio de Centla, Tabasco.<\/p>\n\n\n\n<p>La Semar inform\u00f3 que la aeronave tipo Eurocopter de la Armada de M\u00e9xico, que operaba en la jurisdicci\u00f3n de la Quinta Regi\u00f3n Naval, con sede en Dos Bocas, Tabasco, cay\u00f3 en el campo deportivo \u00abFonhapo\u00bb, del fraccionamiento Carlos A. Madrazo.<br><\/p>\n\n\n\n<p>Indic\u00f3 que en el helic\u00f3ptero se transportaban cinco elementos navales, de los cuales tres murieron, mientras que los otros dos sufrieron lesiones y ya reciben la atenci\u00f3n m\u00e9dica.<\/p>\n\n\n\n<p>La Semar, al mando del almirante Jos\u00e9 Rafael Ojeda Dur\u00e1n, se\u00f1al\u00f3 que se llevar\u00e1n a cabo las investigaciones correspondientes para determinar las causas que pudieron provocar el accidente.<\/p>\n\n\n\n<p>Mediante un comunicado, lament\u00f3 el fallecimiento de los tres marinos, quienes, destac\u00f3, \u201cen vida dieron muestras de ser marinos ejemplares comprometidos con nuestro pa\u00eds; asimismo se brindar\u00e1 el apoyo correspondiente a sus familiares. De igual manera, esta instituci\u00f3n reitera el compromiso de continuar trabajando por el bienestar de nuestro pa\u00eds\u201d.<br>La Semar agradeci\u00f3 y reconoci\u00f3 la r\u00e1pida y oportuna respuesta de la poblaci\u00f3n de Centla, Tabasco, quienes apoyaron al personal naval lesionado, mismo que fue trasladado al Hospital Naval de Frontera para su atenci\u00f3n m\u00e9dica especializada.<\/p>\n","protected":false},"excerpt":{"rendered":"<p>Tres elementos de la Secretar\u00eda de Marina (Semar) murieron y dos sufrieron lesiones al desplomarse este s\u00e1bado el helic\u00f3ptero en el que efectuaban un vuelo de reconocimiento en inmediaciones de Frontera, municipio de Centla, Tabasco. La Semar inform\u00f3 que la aeronave tipo Eurocopter de la Armada de M\u00e9xico, que operaba en la jurisdicci\u00f3n de la [&hellip;]<\/p>\n","protected":false},"author":4,"featured_media":14294,"comment_status":"open","ping_status":"open","sticky":false,"template":"","format":"standard","meta":{"om_disable_all_campaigns":false,"_monsterinsights_skip_tracking":false,"_monsterinsights_sitenote_active":false,"_monsterinsights_sitenote_note":"","_monsterinsights_sitenote_category":0,"footnotes":""},"categories":[176],"tags":[],"class_list":["post-14293","post","type-post","status-publish","format-standard","has-post-thumbnail","hentry","category-nacional"],"amp_enabled":true,"_links":{"self":[{"href":"https:\/\/lahora.mx\/index.php\/wp-json\/wp\/v2\/posts\/14293","targetHints":{"allow":["GET"]}}],"collection":[{"href":"https:\/\/lahora.mx\/index.php\/wp-json\/wp\/v2\/posts"}],"about":[{"href":"https:\/\/lahora.mx\/index.php\/wp-json\/wp\/v2\/types\/post"}],"author":[{"embeddable":true,"href":"https:\/\/lahora.mx\/index.php\/wp-json\/wp\/v2\/users\/4"}],"replies":[{"embeddable":true,"href":"https:\/\/lahora.mx\/index.php\/wp-json\/wp\/v2\/comments?post=14293"}],"version-history":[{"count":1,"href":"https:\/\/lahora.mx\/index.php\/wp-json\/wp\/v2\/posts\/14293\/revisions"}],"predecessor-version":[{"id":14295,"href":"https:\/\/lahora.mx\/index.php\/wp-json\/wp\/v2\/posts\/14293\/revisions\/14295"}],"wp:featuredmedia":[{"embeddable":true,"href":"https:\/\/lahora.mx\/index.php\/wp-json\/wp\/v2\/media\/14294"}],"wp:attachment":[{"href":"https:\/\/lahora.mx\/index.php\/wp-json\/wp\/v2\/media?parent=14293"}],"wp:term":[{"taxonomy":"category","embeddable":true,"href":"https:\/\/lahora.mx\/index.php\/wp-json\/wp\/v2\/categories?post=14293"},{"taxonomy":"post_tag","embeddable":true,"href":"https:\/\/lahora.mx\/index.php\/wp-json\/wp\/v2\/tags?post=14293"}],"curies":[{"name":"wp","href":"https:\/\/api.w.org\/{rel}","templated":true}]}}