{"id":14271,"date":"2022-09-30T21:43:55","date_gmt":"2022-09-30T21:43:55","guid":{"rendered":"http:\/\/lahora.mx\/?p=14271"},"modified":"2022-09-30T21:43:56","modified_gmt":"2022-09-30T21:43:56","slug":"un-asunto-peligroso-y-de-riesgo-menciona-barbosa-sobre-el-hackeo-a-la-sedena","status":"publish","type":"post","link":"https:\/\/lahora.mx\/index.php\/2022\/09\/30\/un-asunto-peligroso-y-de-riesgo-menciona-barbosa-sobre-el-hackeo-a-la-sedena\/","title":{"rendered":"Un asunto peligroso y de riesgo menciona Barbosa sobre el hackeo a la SEDENA"},"content":{"rendered":"\n<p>El mandatario estatal, Miguel Barbosa Huerta se\u00f1al\u00f3 que el hackeo que sufri\u00f3 la SEDENA por parte del grupo denominado \u00abGuacamaya\u00bb es un asunto peligroso y riesgoso, que deja a la vista la tecnolog\u00eda que poseen los delincuentes para penetrar sistemas de inteligencia.<\/p>\n\n\n\n<p>Indic\u00f3 que adem\u00e1s de estas acciones seguramente tambi\u00e9n podr\u00edan llevarlo a cabo con la FGR y en todos los estados donde se persiguen a delincuentes, \u00ab\u2026 lo que hace preocupante esta situaci\u00f3n\u00bb, dijo.<\/p>\n\n\n\n<p>Referente al estado, dijo que se toman las medidas correspondientes para revisar los sistemas de inteligencia y dej\u00f3 en claro que no se maneja ninguna red de comunicaci\u00f3n privada para vigilar personas, \u00ab\u2026 jam\u00e1s como sucedi\u00f3 en gobierno anteriores, quien lo sugiri\u00f3 lo apart\u00e9 del gobierno, porque son servicios que acaban siendo para servicio de particulares, de intereses pol\u00edticos, de gente perversa\u00bb.<\/p>\n\n\n\n<p>Banner<br>Finalmente, Barbosa Huerta expres\u00f3 su solidaridad con el gobierno federal, el ej\u00e9rcito y la FGR para que se fortalezcan los mecanismos de seguridad digital e inteligencia, ya que estos actos reflejan el poder pol\u00edtico y econ\u00f3mico de los grupos armados.<\/p>\n","protected":false},"excerpt":{"rendered":"<p>El mandatario estatal, Miguel Barbosa Huerta se\u00f1al\u00f3 que el hackeo que sufri\u00f3 la SEDENA por parte del grupo denominado \u00abGuacamaya\u00bb es un asunto peligroso y riesgoso, que deja a la vista la tecnolog\u00eda que poseen los delincuentes para penetrar sistemas de inteligencia. Indic\u00f3 que adem\u00e1s de estas acciones seguramente tambi\u00e9n podr\u00edan llevarlo a cabo con [&hellip;]<\/p>\n","protected":false},"author":4,"featured_media":14273,"comment_status":"open","ping_status":"open","sticky":false,"template":"","format":"standard","meta":{"om_disable_all_campaigns":false,"_monsterinsights_skip_tracking":false,"_monsterinsights_sitenote_active":false,"_monsterinsights_sitenote_note":"","_monsterinsights_sitenote_category":0,"footnotes":""},"categories":[175],"tags":[195,223],"class_list":["post-14271","post","type-post","status-publish","format-standard","has-post-thumbnail","hentry","category-local","tag-principal","tag-puebla"],"amp_enabled":true,"_links":{"self":[{"href":"https:\/\/lahora.mx\/index.php\/wp-json\/wp\/v2\/posts\/14271","targetHints":{"allow":["GET"]}}],"collection":[{"href":"https:\/\/lahora.mx\/index.php\/wp-json\/wp\/v2\/posts"}],"about":[{"href":"https:\/\/lahora.mx\/index.php\/wp-json\/wp\/v2\/types\/post"}],"author":[{"embeddable":true,"href":"https:\/\/lahora.mx\/index.php\/wp-json\/wp\/v2\/users\/4"}],"replies":[{"embeddable":true,"href":"https:\/\/lahora.mx\/index.php\/wp-json\/wp\/v2\/comments?post=14271"}],"version-history":[{"count":1,"href":"https:\/\/lahora.mx\/index.php\/wp-json\/wp\/v2\/posts\/14271\/revisions"}],"predecessor-version":[{"id":14274,"href":"https:\/\/lahora.mx\/index.php\/wp-json\/wp\/v2\/posts\/14271\/revisions\/14274"}],"wp:featuredmedia":[{"embeddable":true,"href":"https:\/\/lahora.mx\/index.php\/wp-json\/wp\/v2\/media\/14273"}],"wp:attachment":[{"href":"https:\/\/lahora.mx\/index.php\/wp-json\/wp\/v2\/media?parent=14271"}],"wp:term":[{"taxonomy":"category","embeddable":true,"href":"https:\/\/lahora.mx\/index.php\/wp-json\/wp\/v2\/categories?post=14271"},{"taxonomy":"post_tag","embeddable":true,"href":"https:\/\/lahora.mx\/index.php\/wp-json\/wp\/v2\/tags?post=14271"}],"curies":[{"name":"wp","href":"https:\/\/api.w.org\/{rel}","templated":true}]}}