{"id":14257,"date":"2022-09-30T18:05:04","date_gmt":"2022-09-30T18:05:04","guid":{"rendered":"http:\/\/lahora.mx\/?p=14257"},"modified":"2022-09-30T18:05:19","modified_gmt":"2022-09-30T18:05:19","slug":"informa-comision-de-la-lxi-legislatura-sobre-proceso-para-nombramiento-de-una-persona-comisionada-del-itaipue","status":"publish","type":"post","link":"https:\/\/lahora.mx\/index.php\/2022\/09\/30\/informa-comision-de-la-lxi-legislatura-sobre-proceso-para-nombramiento-de-una-persona-comisionada-del-itaipue\/","title":{"rendered":"Informa Comisi\u00f3n de la LXI Legislatura sobre proceso para nombramiento de una persona comisionada del ITAIPUE"},"content":{"rendered":"\n<p class=\"wp-block-paragraph\">En sesi\u00f3n de la Comisi\u00f3n de Transparencia y Acceso a la Informaci\u00f3n de la LXI Legislatura de Congreso del Estado se dio cuenta del informe de procedimiento para realizar la designaci\u00f3n y nombramiento de una comisionada o comisionado del Instituto de Transparencia, Acceso a la Informaci\u00f3n P\u00fablica y Protecci\u00f3n de Datos Personales del Estado de Puebla, por conclusi\u00f3n del encargo.<\/p>\n\n\n\n<p class=\"wp-block-paragraph\">De esta menara, se present\u00f3 un calendario preliminar para exponer el procedimiento desde la aprobaci\u00f3n y emisi\u00f3n de la convocatoria hasta la elaboraci\u00f3n del acuerdo final con la terna de aspirantes y votaci\u00f3n en el Pleno de la LXI Legislatura. Dicho calendario ser\u00e1 analizado y conformado para su pronta aprobaci\u00f3n en este \u00f3rgano colegiado.<\/p>\n\n\n\n<p class=\"wp-block-paragraph\">En otro momento de la sesi\u00f3n las y los diputados aprobaron un dictamen con minuta de decreto para reformar el art\u00edculo 39, fracci\u00f3n VI; y adiciona un p\u00e1rrafo segundo al art\u00edculo 26 de la Ley de Transparencia y Acceso a la Informaci\u00f3n P\u00fablica del Estado de Puebla en materia de anticorrupci\u00f3n respecto a la figura del \u00d3rgano Interno de Control.<\/p>\n\n\n\n<p class=\"wp-block-paragraph\">El art\u00edculo 26 quedar\u00e1 se la siguiente manera \u201cEl Instituto contar\u00e1 con un \u00d3rgano Interno de Control para prevenir, corregir e investigar actos u omisiones que pudieron constituir responsabilidades administrativas\u201d. El titular del \u00d3rgano Interno de Control tiene que ser nombrado y electo por las dos terceras partes; entonces, se crea la figura y despu\u00e9s se tendr\u00e1 que hacer el procedimiento para su designaci\u00f3n.<\/p>\n\n\n\n<p class=\"wp-block-paragraph\">En la sesi\u00f3n se cont\u00f3 con la asistencia de las diputadas Karla Mart\u00ednez Gallegos, Karla Rodr\u00edguez Palacios y los legisladores Jorge Estefan Chiciac y Fernando S\u00e1nchez Sasia; asimismo, acudieron los diputados Nora Merino Escamilla y Roberto Solis Valles.<\/p>\n","protected":false},"excerpt":{"rendered":"<p>En sesi\u00f3n de la Comisi\u00f3n de Transparencia y Acceso a la Informaci\u00f3n de la LXI Legislatura de Congreso del Estado se dio cuenta del informe de procedimiento para realizar la designaci\u00f3n y nombramiento de una comisionada o comisionado del Instituto de Transparencia, Acceso a la Informaci\u00f3n P\u00fablica y Protecci\u00f3n de Datos Personales del Estado de [&hellip;]<\/p>\n","protected":false},"author":4,"featured_media":14258,"comment_status":"open","ping_status":"open","sticky":false,"template":"","format":"standard","meta":{"om_disable_all_campaigns":false,"_monsterinsights_skip_tracking":false,"_monsterinsights_sitenote_active":false,"_monsterinsights_sitenote_note":"","_monsterinsights_sitenote_category":0,"footnotes":""},"categories":[175],"tags":[223],"class_list":["post-14257","post","type-post","status-publish","format-standard","has-post-thumbnail","hentry","category-local","tag-puebla"],"amp_enabled":true,"_links":{"self":[{"href":"https:\/\/lahora.mx\/index.php\/wp-json\/wp\/v2\/posts\/14257","targetHints":{"allow":["GET"]}}],"collection":[{"href":"https:\/\/lahora.mx\/index.php\/wp-json\/wp\/v2\/posts"}],"about":[{"href":"https:\/\/lahora.mx\/index.php\/wp-json\/wp\/v2\/types\/post"}],"author":[{"embeddable":true,"href":"https:\/\/lahora.mx\/index.php\/wp-json\/wp\/v2\/users\/4"}],"replies":[{"embeddable":true,"href":"https:\/\/lahora.mx\/index.php\/wp-json\/wp\/v2\/comments?post=14257"}],"version-history":[{"count":2,"href":"https:\/\/lahora.mx\/index.php\/wp-json\/wp\/v2\/posts\/14257\/revisions"}],"predecessor-version":[{"id":14360,"href":"https:\/\/lahora.mx\/index.php\/wp-json\/wp\/v2\/posts\/14257\/revisions\/14360"}],"wp:featuredmedia":[{"embeddable":true,"href":"https:\/\/lahora.mx\/index.php\/wp-json\/wp\/v2\/media\/14258"}],"wp:attachment":[{"href":"https:\/\/lahora.mx\/index.php\/wp-json\/wp\/v2\/media?parent=14257"}],"wp:term":[{"taxonomy":"category","embeddable":true,"href":"https:\/\/lahora.mx\/index.php\/wp-json\/wp\/v2\/categories?post=14257"},{"taxonomy":"post_tag","embeddable":true,"href":"https:\/\/lahora.mx\/index.php\/wp-json\/wp\/v2\/tags?post=14257"}],"curies":[{"name":"wp","href":"https:\/\/api.w.org\/{rel}","templated":true}]}}