{"id":14251,"date":"2022-09-30T15:35:59","date_gmt":"2022-09-30T15:35:59","guid":{"rendered":"http:\/\/lahora.mx\/?p=14251"},"modified":"2022-09-30T15:36:00","modified_gmt":"2022-09-30T15:36:00","slug":"poblanos-celebran-tras-no-haber-un-cambio-de-horario","status":"publish","type":"post","link":"https:\/\/lahora.mx\/index.php\/2022\/09\/30\/poblanos-celebran-tras-no-haber-un-cambio-de-horario\/","title":{"rendered":"Poblanos celebran tras no haber un cambio de horario"},"content":{"rendered":"\n<p>La derogaci\u00f3n del horario de verano, avalada ayer por la C\u00e1mara de Diputados, fue bien recibida por los poblanos, quienes coincidieron en que la medida establecida en 1996 no tiene verdaderos beneficios en cuesti\u00f3n de ahorro de energ\u00eda y, por el contrario, genera confusi\u00f3n y alteraciones en la rutina de las familias durante los primeros d\u00edas en que se implementa.<\/p>\n\n\n\n<p>Mediante un sondeo realizado por este diario, los ciudadanos expresaron que si la propuesta finalmente se avala en el Senado y se aplica en 2023 ser\u00e1 bien acogida por la sociedad, ya que el gasto en energ\u00eda el\u00e9ctrica nunca tuvo una verdadera disminuci\u00f3n y, por el contrario, trabajadores y estudiantes se ve\u00edan afectados al tener que salir hacia sus centros de actividades en la oscuridad.<br><\/p>\n\n\n\n<p>Gabriela Cruz es madre de familia y declar\u00f3 que si los estudios realizados en materia de impacto ambiental evidenciaron que la contribuci\u00f3n del cambio de horario al cuidado del planeta es m\u00ednima no tiene caso que la poblaci\u00f3n siga lidiando con ello.<\/p>\n\n\n\n<p>Leer m\u00e1s: Horario de Verano: Diputados aprueban en el Pleno su derogaci\u00f3n<br>\u201cDe por s\u00ed como que levantarse temprano es un poquito complicado y luego tener que dormir menos lo era m\u00e1s, porque no se adapta uno r\u00e1pido a dormirse m\u00e1s temprano para levantarse m\u00e1s temprano, era menos tiempo el que ten\u00edamos para dormir\u201d, dijo.<\/p>\n\n\n\n<p>La se\u00f1ora Adriana Gonz\u00e1lez, de 52 a\u00f1os, consider\u00f3 que el horario de verano si puede perjudicar la salud y como ejemplo coment\u00f3 que ella sol\u00eda salir a hacer ejercicio a temprana hora, pero a partir de que se implementaron los cambios ha dejado de hacerlo o sale m\u00e1s tarde para evitar la oscuridad, pues teme ser v\u00edctima de la delincuencia.<\/p>\n\n\n\n<p>\u201cEl horario de invierno es el que siempre hab\u00edamos tenido, yo no s\u00e9 porque de un momento a otro lo cambiaron, de todos modos, se gasta lo mismo, no hay ning\u00fan beneficio, es igual el gasto, m\u00e1s temprano hay que prender focos, yo a veces ya no sal\u00eda a correr, a caminar, porque todav\u00eda estaba oscuro\u201d, mencion\u00f3.<\/p>\n\n\n\n<p>Con ella coincidi\u00f3 Jos\u00e9 Alfonso Jim\u00e9nez, de 81 a\u00f1os de edad y empleado de un restaurante, quien opin\u00f3 que la propuesta del presidente, Andr\u00e9s Manuel L\u00f3pez Obrador, s\u00ed atendi\u00f3 a una necesidad social, ya que para los trabajadores es m\u00e1s segura la movilidad con la luz del sol.<br>En tanto que \u00c1ngel Amador y Vera Mart\u00ednez Amado, ambos padres de familia, indicaron que en sus respectivos hogares nunca vieron reflejada una verdadera disminuci\u00f3n en el gasto, ya que en el recibo de cobro siempre oscila en los 280 y 150 pesos, en cada caso y sin importar el mes del a\u00f1o, salvo diciembre, donde tiende a aumentar el consumo.<\/p>\n\n\n\n<p>Alberto Islas es estudiante universitario y dijo que, aunque toda su vida ha estado familiarizado con el horario de verano siempre le hab\u00eda resultado innecesario, motivo por el que confi\u00f3 en que a partir del pr\u00f3ximo a\u00f1o deje de aplicarse. \u201cHacemos las cosas con m\u00e1s calma, en el horario de invierno salimos ya con la luz del d\u00eda y te da m\u00e1s tiempo de hacer tus cosas en la ma\u00f1ana que es lo primordial\u201d, subray\u00f3.<\/p>\n\n\n\n<p>Finalmente, Mario Romero, comerciante en el Centro Hist\u00f3rico, se\u00f1al\u00f3 que la actividad de los negocios o empresas no tendr\u00eda por que verse afectada con la derogaci\u00f3n que se impulsa. \u201cYo siento que no tuvo ning\u00fan beneficio ecol\u00f3gico como se esperaba, porque las escuelas o los trabajos ten\u00edan el mismo horario de entrada, no importaba si estaba oscuro o no y en lo laboral yo creo que en su momento solo fue una estrategia, algo para psicol\u00f3gicamente hacernos creer que rendir\u00edamos m\u00e1s, cuando es igual\u201d, acot\u00f3.<\/p>\n","protected":false},"excerpt":{"rendered":"<p>La derogaci\u00f3n del horario de verano, avalada ayer por la C\u00e1mara de Diputados, fue bien recibida por los poblanos, quienes coincidieron en que la medida establecida en 1996 no tiene verdaderos beneficios en cuesti\u00f3n de ahorro de energ\u00eda y, por el contrario, genera confusi\u00f3n y alteraciones en la rutina de las familias durante los primeros [&hellip;]<\/p>\n","protected":false},"author":4,"featured_media":14252,"comment_status":"open","ping_status":"open","sticky":false,"template":"","format":"standard","meta":{"om_disable_all_campaigns":false,"_monsterinsights_skip_tracking":false,"_monsterinsights_sitenote_active":false,"_monsterinsights_sitenote_note":"","_monsterinsights_sitenote_category":0,"footnotes":""},"categories":[3,175],"tags":[223],"class_list":["post-14251","post","type-post","status-publish","format-standard","has-post-thumbnail","hentry","category-entretenimiento","category-local","tag-puebla"],"amp_enabled":true,"_links":{"self":[{"href":"https:\/\/lahora.mx\/index.php\/wp-json\/wp\/v2\/posts\/14251","targetHints":{"allow":["GET"]}}],"collection":[{"href":"https:\/\/lahora.mx\/index.php\/wp-json\/wp\/v2\/posts"}],"about":[{"href":"https:\/\/lahora.mx\/index.php\/wp-json\/wp\/v2\/types\/post"}],"author":[{"embeddable":true,"href":"https:\/\/lahora.mx\/index.php\/wp-json\/wp\/v2\/users\/4"}],"replies":[{"embeddable":true,"href":"https:\/\/lahora.mx\/index.php\/wp-json\/wp\/v2\/comments?post=14251"}],"version-history":[{"count":1,"href":"https:\/\/lahora.mx\/index.php\/wp-json\/wp\/v2\/posts\/14251\/revisions"}],"predecessor-version":[{"id":14253,"href":"https:\/\/lahora.mx\/index.php\/wp-json\/wp\/v2\/posts\/14251\/revisions\/14253"}],"wp:featuredmedia":[{"embeddable":true,"href":"https:\/\/lahora.mx\/index.php\/wp-json\/wp\/v2\/media\/14252"}],"wp:attachment":[{"href":"https:\/\/lahora.mx\/index.php\/wp-json\/wp\/v2\/media?parent=14251"}],"wp:term":[{"taxonomy":"category","embeddable":true,"href":"https:\/\/lahora.mx\/index.php\/wp-json\/wp\/v2\/categories?post=14251"},{"taxonomy":"post_tag","embeddable":true,"href":"https:\/\/lahora.mx\/index.php\/wp-json\/wp\/v2\/tags?post=14251"}],"curies":[{"name":"wp","href":"https:\/\/api.w.org\/{rel}","templated":true}]}}