{"id":14242,"date":"2022-09-30T01:33:59","date_gmt":"2022-09-30T01:33:59","guid":{"rendered":"http:\/\/lahora.mx\/?p=14242"},"modified":"2022-09-30T01:34:01","modified_gmt":"2022-09-30T01:34:01","slug":"todo-por-un-asiento-un-herido-y-una-golpiza-en-la-ruta-azteca","status":"publish","type":"post","link":"https:\/\/lahora.mx\/index.php\/2022\/09\/30\/todo-por-un-asiento-un-herido-y-una-golpiza-en-la-ruta-azteca\/","title":{"rendered":"Todo por un asiento; un herido y una golpiza en la Ruta Azteca"},"content":{"rendered":"\n<p> Como si se tratara de una pel\u00edcula esta ma\u00f1ana un militar fue el herido de bala tras discutir por un asiento con otro pasajero arriba de la unidad 151, de la ruta Azteca, y que al agresor le cost\u00f3 una severa golpiza por m\u00e1s usuarios que intervinieron pensando que se trataba de un asalto, en calles de la colonia Benito Ju\u00e1rez.<\/p>\n\n\n\n<p>Seg\u00fan fuentes cercanas al caso, uno de los pasajeros inici\u00f3 una discusi\u00f3n con otro, por no permitirle sentarse junto a la ventanilla del microb\u00fas, por eso sac\u00f3 una pistola y la accion\u00f3 en dos ocasiones, acertando un tiro en una de las piernas de su contrario, que result\u00f3 ser militar.<\/p>\n\n\n\n<p>El resto de pasajeros al verse en peligro por los disparos, no dud\u00f3 en enfrentar al agresor y en el forcejeo el sujeto con su misma arma se hiri\u00f3 por un tiro cerca de un ojo.<\/p>\n\n\n\n<p>Debilitan c\u00e9lula de &#8216;El Grillo&#8217; en Puebla; ellos son sus familiares detenidos<br>A\u00fan as\u00ed, la gente lo sigui\u00f3 golpeando y fue hasta la llegada de polic\u00edas municipales que lo dejaron y permitieron que param\u00e9dicos de Protecci\u00f3n Civil Municipal y del Sistema de Urgencias M\u00e9dicas Avanzadas (SUMA), brindaran los primeros auxilios a los dos pasajeros heridos para luego ser llevados a un centro hospitalario.<\/p>\n\n\n\n<p>Durante los hechos, la circulaci\u00f3n vehicular estuvo cerrada cerca de una hora sobre la calle 25 Sur entre la 27 y 29 Poniente, donde al final solo quedaron como mudos testigos, grandes manchas de sangre regada frente al Bodega Aurrer\u00e1 de esa demarcaci\u00f3n.<\/p>\n\n\n\n<p>Cabe se\u00f1alar que a\u00fan se espera el reporte oficial de la Secretar\u00eda de Seguridad Ciudadana para confirmar esta versi\u00f3n.<\/p>\n\n\n\n<p>Ciudadanos actuaron en leg\u00edtima defensa: Barbosa<br>El gobernador Miguel Barbosa Huerta reconoci\u00f3 la acci\u00f3n de los pasajeros de la unidad de transporte p\u00fablico que fue escenario de una trifulca ayer por la ma\u00f1ana, pues relat\u00f3 que, tras ver que el chofer fue presuntamente atacado por otro hombre, quien portaba un arma de fuego, se lanzaron contra el agresor. No obstante, aclar\u00f3 que la indagatoria ministerial sigue en curso.<\/p>\n\n\n\n<p>Chofer de Ruta Azteca y presunto asaltante terminaron con heridas de bala<br>Ante los ojos del mandatario estatal, los viajeros que iban a bordo de la unidad 151 de la conocida Ruta Azteca, los cuales fueron sorprendidos con el arribo de un hombre a quien identificaron como un supuesto criminal, actuaron con base a su instinto de defensa y no precisamente para hacerse justicia por s\u00ed mismos.<\/p>\n\n\n\n<p>\u201cNo es tomar justicia por su propia mano, hasta ahorita, lo que se conoce, es que dos personas que discuten a bordo de un transporte p\u00fablico se disparan entre ellos (\u2026) Tanto el chofer como las personas, detienen al que dispara. Eso no es tomar justicia por propia mano, es actuar con un sentido de responsabilidad adecuado y reconocible\u201d, declar\u00f3 en conferencia de prensa.<\/p>\n\n\n\n<p>Subray\u00f3 que, con base en la legislaci\u00f3n mexicana, un ciudadano tiene derecho a proteger su integridad f\u00edsica cuando \u00e9sta se vea amenazada.<\/p>\n\n\n\n<p>\u201cHay m\u00e1rgenes, de parte del ciudadano, de las personas, para poder inclusive actuar con leg\u00edtima defensa, y tienen inclusive atribuciones que la ley reconoce: la intervenci\u00f3n en casos de flagrancia; as\u00ed es que vamos a ver qu\u00e9 reporte final hay de los hechos\u201d, agreg\u00f3.<\/p>\n\n\n\n<p>Pese a ello, remarc\u00f3 que el acto seguir\u00e1 siendo investigado por agentes de la Fiscal\u00eda General del Estado (FGE). Insisti\u00f3 en que parte de la indagaci\u00f3n consiste en recabar relatos y evidencia documental, la cual puede ser obtenida a trav\u00e9s de videoc\u00e1maras de vigilancia.<\/p>\n","protected":false},"excerpt":{"rendered":"<p>Como si se tratara de una pel\u00edcula esta ma\u00f1ana un militar fue el herido de bala tras discutir por un asiento con otro pasajero arriba de la unidad 151, de la ruta Azteca, y que al agresor le cost\u00f3 una severa golpiza por m\u00e1s usuarios que intervinieron pensando que se trataba de un asalto, en [&hellip;]<\/p>\n","protected":false},"author":4,"featured_media":14243,"comment_status":"open","ping_status":"open","sticky":false,"template":"","format":"standard","meta":{"om_disable_all_campaigns":false,"_monsterinsights_skip_tracking":false,"_monsterinsights_sitenote_active":false,"_monsterinsights_sitenote_note":"","_monsterinsights_sitenote_category":0,"footnotes":""},"categories":[175],"tags":[223],"class_list":["post-14242","post","type-post","status-publish","format-standard","has-post-thumbnail","hentry","category-local","tag-puebla"],"amp_enabled":true,"_links":{"self":[{"href":"https:\/\/lahora.mx\/index.php\/wp-json\/wp\/v2\/posts\/14242","targetHints":{"allow":["GET"]}}],"collection":[{"href":"https:\/\/lahora.mx\/index.php\/wp-json\/wp\/v2\/posts"}],"about":[{"href":"https:\/\/lahora.mx\/index.php\/wp-json\/wp\/v2\/types\/post"}],"author":[{"embeddable":true,"href":"https:\/\/lahora.mx\/index.php\/wp-json\/wp\/v2\/users\/4"}],"replies":[{"embeddable":true,"href":"https:\/\/lahora.mx\/index.php\/wp-json\/wp\/v2\/comments?post=14242"}],"version-history":[{"count":1,"href":"https:\/\/lahora.mx\/index.php\/wp-json\/wp\/v2\/posts\/14242\/revisions"}],"predecessor-version":[{"id":14244,"href":"https:\/\/lahora.mx\/index.php\/wp-json\/wp\/v2\/posts\/14242\/revisions\/14244"}],"wp:featuredmedia":[{"embeddable":true,"href":"https:\/\/lahora.mx\/index.php\/wp-json\/wp\/v2\/media\/14243"}],"wp:attachment":[{"href":"https:\/\/lahora.mx\/index.php\/wp-json\/wp\/v2\/media?parent=14242"}],"wp:term":[{"taxonomy":"category","embeddable":true,"href":"https:\/\/lahora.mx\/index.php\/wp-json\/wp\/v2\/categories?post=14242"},{"taxonomy":"post_tag","embeddable":true,"href":"https:\/\/lahora.mx\/index.php\/wp-json\/wp\/v2\/tags?post=14242"}],"curies":[{"name":"wp","href":"https:\/\/api.w.org\/{rel}","templated":true}]}}