{"id":14239,"date":"2022-09-30T00:39:16","date_gmt":"2022-09-30T00:39:16","guid":{"rendered":"http:\/\/lahora.mx\/?p=14239"},"modified":"2022-09-30T00:39:17","modified_gmt":"2022-09-30T00:39:17","slug":"conserje-acusado-de-doble-abuso-sexual-en-kinder-de-puebla-continua-libre-piden-justicia","status":"publish","type":"post","link":"https:\/\/lahora.mx\/index.php\/2022\/09\/30\/conserje-acusado-de-doble-abuso-sexual-en-kinder-de-puebla-continua-libre-piden-justicia\/","title":{"rendered":"Conserje acusado de doble abuso sexual en k\u00ednder de Puebla continua libre piden justicia"},"content":{"rendered":"\n<p>Despu\u00e9s de que se revelaran dos casos de violaci\u00f3n en el Jard\u00edn de Ni\u00f1os Octavio Paz, la Secretar\u00eda de Educaci\u00f3n P\u00fablica (SEP), a\u00fan no ha cumplido con el protocolo a seguir para resguardar la integridad de los infantes, asegura Elizabeth, familiar de una de las peque\u00f1as abusadas, en tanto que el conserje, presunto agresor sexual, sigue libre.<\/p>\n\n\n\n<p>\u201cFuimos aqu\u00ed al preescolar el k\u00ednder Octavio Paz a ver si la SEP hab\u00eda mandado los psic\u00f3logos que nos hab\u00eda dicho la licenciada Laura y corroboramos que no, las psic\u00f3logas que llegaron vinieron por parte de una fundaci\u00f3n. No se habl\u00f3 con cada peque\u00f1o como nos hab\u00edan dicho que se iba a hacer, solo hubo una actividad en donde se dio a conocer que la directora ya est\u00e1 destituida del cargo de direcci\u00f3n, pero sigue impartiendo clases al grupo de primer grado\u201d, coment\u00f3 Elizabeth.<br>Adem\u00e1s, la entrevistada agreg\u00f3 que los padres de familia solicitaron ante la SEP, se destituyera por completo a la antes directora Ana Laura Salas Mart\u00ednez, pues, aunque ya no representa a la escuela, sigue impartiendo clases en primer a\u00f1o.<\/p>\n\n\n\n<p>\u201cQue se destituya a la directora de su cargo y del cargo de maestra porque no puede quedar ahora s\u00ed que como representante est\u00e1 muy incapacitada, la verdad no tiene la capacidad de poder resolver en los problemas que estaban pasando en la escuela\u201d, opin\u00f3 Elizabeth.<br>En entrevista Elizabeth coment\u00f3 que el segundo caso de violaci\u00f3n que se dio a conocer ante la prensa, el cual fue seis a\u00f1os atr\u00e1s, no ha podido proceder legalmente debido a que no se encuentra la carpeta de investigaci\u00f3n.<\/p>\n\n\n\n<p>\u201cNos comunic\u00f3 la mam\u00e1 que no encontraban su carpeta, entonces ten\u00eda que volver a reabrir carpeta empezar su caso desde cero, pero pues estamos esperando a que este, pues se encuentre la carpeta que ya exist\u00eda de esta peque\u00f1a de hace seis a\u00f1os\u201d, explic\u00f3 la entrevistada.<\/p>\n\n\n\n<p>Por otro lado, la Fiscal\u00eda de G\u00e9nero de Puebla s\u00ed ha estado ayudando a avanzar en las investigaciones del caso de la peque\u00f1a de 3 a\u00f1os que fue abusada el pasado 15 de septiembre de este a\u00f1o, sin embargo, Elizabeth asegura que son tr\u00e1mites lentos.<\/p>\n\n\n\n<p>Siguen manifest\u00e1ndose<br>Ayer se manifestaron padres de familia de nueva cuenta frente a las instalaciones del jard\u00edn de ni\u00f1os Octavio Paz, siguieron en la Fiscal\u00eda de G\u00e9nero y en Casa Aguayo finalmente los atendieron, pero a\u00fan no hay avances claros y el conserje que viol\u00f3 a ambas ni\u00f1as, sigue en libertad.<\/p>\n","protected":false},"excerpt":{"rendered":"<p>Despu\u00e9s de que se revelaran dos casos de violaci\u00f3n en el Jard\u00edn de Ni\u00f1os Octavio Paz, la Secretar\u00eda de Educaci\u00f3n P\u00fablica (SEP), a\u00fan no ha cumplido con el protocolo a seguir para resguardar la integridad de los infantes, asegura Elizabeth, familiar de una de las peque\u00f1as abusadas, en tanto que el conserje, presunto agresor sexual, [&hellip;]<\/p>\n","protected":false},"author":4,"featured_media":14240,"comment_status":"open","ping_status":"open","sticky":false,"template":"","format":"standard","meta":{"om_disable_all_campaigns":false,"_monsterinsights_skip_tracking":false,"_monsterinsights_sitenote_active":false,"_monsterinsights_sitenote_note":"","_monsterinsights_sitenote_category":0,"footnotes":""},"categories":[175],"tags":[195,223],"class_list":["post-14239","post","type-post","status-publish","format-standard","has-post-thumbnail","hentry","category-local","tag-principal","tag-puebla"],"amp_enabled":true,"_links":{"self":[{"href":"https:\/\/lahora.mx\/index.php\/wp-json\/wp\/v2\/posts\/14239","targetHints":{"allow":["GET"]}}],"collection":[{"href":"https:\/\/lahora.mx\/index.php\/wp-json\/wp\/v2\/posts"}],"about":[{"href":"https:\/\/lahora.mx\/index.php\/wp-json\/wp\/v2\/types\/post"}],"author":[{"embeddable":true,"href":"https:\/\/lahora.mx\/index.php\/wp-json\/wp\/v2\/users\/4"}],"replies":[{"embeddable":true,"href":"https:\/\/lahora.mx\/index.php\/wp-json\/wp\/v2\/comments?post=14239"}],"version-history":[{"count":1,"href":"https:\/\/lahora.mx\/index.php\/wp-json\/wp\/v2\/posts\/14239\/revisions"}],"predecessor-version":[{"id":14241,"href":"https:\/\/lahora.mx\/index.php\/wp-json\/wp\/v2\/posts\/14239\/revisions\/14241"}],"wp:featuredmedia":[{"embeddable":true,"href":"https:\/\/lahora.mx\/index.php\/wp-json\/wp\/v2\/media\/14240"}],"wp:attachment":[{"href":"https:\/\/lahora.mx\/index.php\/wp-json\/wp\/v2\/media?parent=14239"}],"wp:term":[{"taxonomy":"category","embeddable":true,"href":"https:\/\/lahora.mx\/index.php\/wp-json\/wp\/v2\/categories?post=14239"},{"taxonomy":"post_tag","embeddable":true,"href":"https:\/\/lahora.mx\/index.php\/wp-json\/wp\/v2\/tags?post=14239"}],"curies":[{"name":"wp","href":"https:\/\/api.w.org\/{rel}","templated":true}]}}