{"id":14236,"date":"2022-09-30T00:34:32","date_gmt":"2022-09-30T00:34:32","guid":{"rendered":"http:\/\/lahora.mx\/?p=14236"},"modified":"2022-09-30T00:34:33","modified_gmt":"2022-09-30T00:34:33","slug":"este-viernes-seran-sometidas-a-votacion-las-ternas-para-elegir-a-los-magistrados-tsj","status":"publish","type":"post","link":"https:\/\/lahora.mx\/index.php\/2022\/09\/30\/este-viernes-seran-sometidas-a-votacion-las-ternas-para-elegir-a-los-magistrados-tsj\/","title":{"rendered":"Este viernes ser\u00e1n sometidas a votaci\u00f3n las ternas para elegir a los magistrados TSJ"},"content":{"rendered":"\n<p>Las ternas para elegir a los nuevos magistrados del Tribunal Superior de Justicia ser\u00e1n sometidas a votaci\u00f3n durante la sesi\u00f3n ordinaria del Congreso del Estado que se realizar\u00e1 este viernes.<\/p>\n\n\n\n<p>En d\u00edas pasados el l\u00edder Poder Legislativo, Sergio Salom\u00f3n C\u00e9spedes Peregrina indic\u00f3 que las propuestas enviadas por el gobernador Miguel Barbosa Huerta se presentar\u00e1n al resto de los legisladores para elegir a los perfiles que ocupar\u00e1n los cargos.<\/p>\n\n\n\n<p>Esto despu\u00e9s de que, en la sesi\u00f3n de la Junta de Gobierno y Coordinaci\u00f3n Pol\u00edtica de este d\u00eda, se acord\u00f3 la inclusi\u00f3n de la discusi\u00f3n de las ternas para este viernes.<\/p>\n\n\n\n<p>Las ternas se encuentran conformadas por Carlos Palafox Galeana, Enrique Ju\u00e1rez Vasconcelos y Francisco Saavedra Rivera, as\u00ed como Anet Cruz Sol\u00eds, Sara Ram\u00edrez Montagner y Araceli Cabido Vaillard, eligi\u00e9ndose a un hombre y una mujer para convertirlos en magistrados.<\/p>\n","protected":false},"excerpt":{"rendered":"<p>Las ternas para elegir a los nuevos magistrados del Tribunal Superior de Justicia ser\u00e1n sometidas a votaci\u00f3n durante la sesi\u00f3n ordinaria del Congreso del Estado que se realizar\u00e1 este viernes. En d\u00edas pasados el l\u00edder Poder Legislativo, Sergio Salom\u00f3n C\u00e9spedes Peregrina indic\u00f3 que las propuestas enviadas por el gobernador Miguel Barbosa Huerta se presentar\u00e1n al [&hellip;]<\/p>\n","protected":false},"author":4,"featured_media":14237,"comment_status":"open","ping_status":"open","sticky":false,"template":"","format":"standard","meta":{"om_disable_all_campaigns":false,"_monsterinsights_skip_tracking":false,"_monsterinsights_sitenote_active":false,"_monsterinsights_sitenote_note":"","_monsterinsights_sitenote_category":0,"footnotes":""},"categories":[175],"tags":[223],"class_list":["post-14236","post","type-post","status-publish","format-standard","has-post-thumbnail","hentry","category-local","tag-puebla"],"amp_enabled":true,"_links":{"self":[{"href":"https:\/\/lahora.mx\/index.php\/wp-json\/wp\/v2\/posts\/14236","targetHints":{"allow":["GET"]}}],"collection":[{"href":"https:\/\/lahora.mx\/index.php\/wp-json\/wp\/v2\/posts"}],"about":[{"href":"https:\/\/lahora.mx\/index.php\/wp-json\/wp\/v2\/types\/post"}],"author":[{"embeddable":true,"href":"https:\/\/lahora.mx\/index.php\/wp-json\/wp\/v2\/users\/4"}],"replies":[{"embeddable":true,"href":"https:\/\/lahora.mx\/index.php\/wp-json\/wp\/v2\/comments?post=14236"}],"version-history":[{"count":2,"href":"https:\/\/lahora.mx\/index.php\/wp-json\/wp\/v2\/posts\/14236\/revisions"}],"predecessor-version":[{"id":14361,"href":"https:\/\/lahora.mx\/index.php\/wp-json\/wp\/v2\/posts\/14236\/revisions\/14361"}],"wp:featuredmedia":[{"embeddable":true,"href":"https:\/\/lahora.mx\/index.php\/wp-json\/wp\/v2\/media\/14237"}],"wp:attachment":[{"href":"https:\/\/lahora.mx\/index.php\/wp-json\/wp\/v2\/media?parent=14236"}],"wp:term":[{"taxonomy":"category","embeddable":true,"href":"https:\/\/lahora.mx\/index.php\/wp-json\/wp\/v2\/categories?post=14236"},{"taxonomy":"post_tag","embeddable":true,"href":"https:\/\/lahora.mx\/index.php\/wp-json\/wp\/v2\/tags?post=14236"}],"curies":[{"name":"wp","href":"https:\/\/api.w.org\/{rel}","templated":true}]}}