{"id":14226,"date":"2022-09-30T00:01:18","date_gmt":"2022-09-30T00:01:18","guid":{"rendered":"http:\/\/lahora.mx\/?p=14226"},"modified":"2022-09-30T00:01:19","modified_gmt":"2022-09-30T00:01:19","slug":"ine-reconoce-de-manera-oficial-al-comite-ejecutivo-estatal-de-morena-en-puebla","status":"publish","type":"post","link":"https:\/\/lahora.mx\/index.php\/2022\/09\/30\/ine-reconoce-de-manera-oficial-al-comite-ejecutivo-estatal-de-morena-en-puebla\/","title":{"rendered":"INE reconoce de manera oficial al Comit\u00e9 Ejecutivo Estatal de Morena en Puebla"},"content":{"rendered":"\n<p>El Instituto Nacional Electoral (INE) ya reconoci\u00f3 al Comit\u00e9 Ejecutivo Estatal y el Consejo del partido Movimiento Regeneraci\u00f3n Nacional (Morena) en Puebla, debido a que ya est\u00e1n inscritos en el libro de registros del \u00f3rgano electoral.<\/p>\n\n\n\n<p>As\u00ed lo anunci\u00f3 mediante su cuenta en Twitter, Agust\u00edn Guerrero Castillo, secretario general del partido de izquierda en la entidad. En el mensaje, el militante celebr\u00f3 que a un mes de la asamblea donde se eligieron a los nuevos titulares de las carteras en Regeneraci\u00f3n Nacional ya fueron reconocidos por el \u00f3rgano constitucional.<\/p>\n\n\n\n<p>\u00abYa es oficial. A partir de hoy el Consejo y Comit\u00e9 Ejecutivo de Morena en Puebla ya est\u00e1n inscritos en el Libro de Registro de la DEPPP del INE. Enhorabuena compa\u00f1eras y compa\u00f1eros\u00bb, dice el mensaje en la red social.<\/p>\n\n\n\n<p>Claudia Rivera Vivanco: estas son las observaciones de la Auditor\u00eda a su cuenta<br>Con lo anterior, el INE dio validez al nombramiento de los perfiles que asumir\u00e1n el control del partido por un periodo de tres a\u00f1os, lo que significa que tendr\u00e1n injerencia en el siguiente proceso electoral que se llevar\u00e1 a cabo en Puebla en el 2024.<\/p>\n\n\n\n<p>El pasado 20 de agosto, se llev\u00f3 a cabo la asamblea donde la diputada local con licencia, Olga Romero Garci \u2013 Crespo, fue electa como la nueva presidenta del partido en la entidad.<\/p>\n\n\n\n<p>En el mismo evento se eligi\u00f3 a Agust\u00edn Guerrero Castillo para la Secretar\u00eda General, Jorge Mota Jim\u00e9nez para la Secretar\u00eda de Finanzas, Eva Laila Mart\u00ednez Gallegos en la Secretar\u00eda de Organizaci\u00f3n y Juana Guadalupe Marmolejo S\u00e1nchez en la Secretar\u00eda de Comunicaci\u00f3n, Difusi\u00f3n y Propaganda.<\/p>\n\n\n\n<p>Felipe Colotla L\u00f3pez para la Secretar\u00eda de Educaci\u00f3n, Formaci\u00f3n y Capacitaci\u00f3n Pol\u00edtica, mientras que Karina P\u00e9rez Popoca en la Secretar\u00eda de Mujeres, as la vez, Marcial Bernardino Mota Gonz\u00e1lez para la Secretar\u00eda de Derechos Humanos, que fue anexada por los consejeros de \u00faltimo momento.<\/p>\n\n\n\n<p>En tanto, Andr\u00e9s Villegas Mendoza, director General de Delegaciones de la Secretar\u00eda de Gobernaci\u00f3n (SEGOB) del gobierno estatal, fue designado presidente del Consejo Estatal.<\/p>\n","protected":false},"excerpt":{"rendered":"<p>El Instituto Nacional Electoral (INE) ya reconoci\u00f3 al Comit\u00e9 Ejecutivo Estatal y el Consejo del partido Movimiento Regeneraci\u00f3n Nacional (Morena) en Puebla, debido a que ya est\u00e1n inscritos en el libro de registros del \u00f3rgano electoral. As\u00ed lo anunci\u00f3 mediante su cuenta en Twitter, Agust\u00edn Guerrero Castillo, secretario general del partido de izquierda en la [&hellip;]<\/p>\n","protected":false},"author":4,"featured_media":14227,"comment_status":"open","ping_status":"open","sticky":false,"template":"","format":"standard","meta":{"om_disable_all_campaigns":false,"_monsterinsights_skip_tracking":false,"_monsterinsights_sitenote_active":false,"_monsterinsights_sitenote_note":"","_monsterinsights_sitenote_category":0,"footnotes":""},"categories":[175,176],"tags":[223],"class_list":["post-14226","post","type-post","status-publish","format-standard","has-post-thumbnail","hentry","category-local","category-nacional","tag-puebla"],"amp_enabled":true,"_links":{"self":[{"href":"https:\/\/lahora.mx\/index.php\/wp-json\/wp\/v2\/posts\/14226","targetHints":{"allow":["GET"]}}],"collection":[{"href":"https:\/\/lahora.mx\/index.php\/wp-json\/wp\/v2\/posts"}],"about":[{"href":"https:\/\/lahora.mx\/index.php\/wp-json\/wp\/v2\/types\/post"}],"author":[{"embeddable":true,"href":"https:\/\/lahora.mx\/index.php\/wp-json\/wp\/v2\/users\/4"}],"replies":[{"embeddable":true,"href":"https:\/\/lahora.mx\/index.php\/wp-json\/wp\/v2\/comments?post=14226"}],"version-history":[{"count":1,"href":"https:\/\/lahora.mx\/index.php\/wp-json\/wp\/v2\/posts\/14226\/revisions"}],"predecessor-version":[{"id":14228,"href":"https:\/\/lahora.mx\/index.php\/wp-json\/wp\/v2\/posts\/14226\/revisions\/14228"}],"wp:featuredmedia":[{"embeddable":true,"href":"https:\/\/lahora.mx\/index.php\/wp-json\/wp\/v2\/media\/14227"}],"wp:attachment":[{"href":"https:\/\/lahora.mx\/index.php\/wp-json\/wp\/v2\/media?parent=14226"}],"wp:term":[{"taxonomy":"category","embeddable":true,"href":"https:\/\/lahora.mx\/index.php\/wp-json\/wp\/v2\/categories?post=14226"},{"taxonomy":"post_tag","embeddable":true,"href":"https:\/\/lahora.mx\/index.php\/wp-json\/wp\/v2\/tags?post=14226"}],"curies":[{"name":"wp","href":"https:\/\/api.w.org\/{rel}","templated":true}]}}