{"id":14218,"date":"2022-09-29T23:41:43","date_gmt":"2022-09-29T23:41:43","guid":{"rendered":"http:\/\/lahora.mx\/?p=14218"},"modified":"2022-09-29T23:41:44","modified_gmt":"2022-09-29T23:41:44","slug":"se-aprueba-eliminar-el-horario-de-verano","status":"publish","type":"post","link":"https:\/\/lahora.mx\/index.php\/2022\/09\/29\/se-aprueba-eliminar-el-horario-de-verano\/","title":{"rendered":"Se aprueba eliminar el Horario de Verano"},"content":{"rendered":"\n<p>Despu\u00e9s de 26 a\u00f1os de ser utilizado en el pa\u00eds, la C\u00e1mara de Diputados aprob\u00f3 eliminar el Horario de Verano, por lo que pasa al Senado para su discusi\u00f3n y votaci\u00f3n, y de ser avalado, entrar\u00e1 el vigor el 30 de octubre.<\/p>\n\n\n\n<p>Con 445 votos a favor, 33 abstenciones y 8 en contra, los legisladores avalaron expedir la Ley de los Husos Horarios y abrogar la Ley del Sistema de Horario con lo que se elimina el Horario de Verano.<\/p>\n\n\n\n<p>\u201cEn el territorio nacional habr\u00e1 un horario est\u00e1ndar que se establecer\u00e1 de acuerdo con las zonas horarias (\u2026) \u00danicamente se aplicar\u00e1 un horario estacional (horario de verano) para los estados y municipios de la frontera norte\u201d, se\u00f1ala el dictamen avalado.<br><\/p>\n\n\n\n<p>Es decir, los municipios de la zona fronteriza con Estados Unidos conservar\u00e1n el horario de verano para no afectar el intercambio comercial, por lo que el horario de verano fronterizo norte surtir\u00e1 efecto desde las dos horas del segundo domingo de marzo, y concluir\u00e1 a las dos horas del primer domingo de noviembre.<\/p>\n\n\n\n<p>La exposici\u00f3n de motivos de \u00e9ste se menciona que la UNAM ha advertido que el cambio de horario produce alteraciones -como somnolencia, irritabilidad y dificultades en la atenci\u00f3n- en algunas personas, especialmente en quienes tienen una estructura biol\u00f3gica y psicoemocional poco flexible, as\u00ed como en personas que realizan actividades en horarios r\u00edgidos.<\/p>\n\n\n\n<p>Adem\u00e1s, menciona que si bien desde 1996 el horario de verano ha contribuido al ahorro de energ\u00eda, siempre fue por debajo de 1% de la energ\u00eda consumida anualmente.<\/p>\n\n\n\n<p>\u201cEfectivamente, se ha ahorrado energ\u00eda, pero dicho ahorro no es significativo respecto del total del consumo anual, pues s\u00f3lo en 2021, el consumo nacional fue de 327,000 Gw\/h, y el ahorro por el horario de verano fue de 537 Gw\/h; es decir, de 0.16%, lo equivalente a 1,138 millones de pesos\u201d.<\/p>\n\n\n\n<p>Durante la discusi\u00f3n, los diputados de MC se\u00f1alaron que iban a otar en \u201cabstenci\u00f3n\u201d, ya que se\u00f1alaron que hab\u00eda temas m\u00e1s relevantes para discutir que el horario de verano.<\/p>\n\n\n\n<p>\u201cVotaremos en abstenci\u00f3n en se\u00f1al de desacuerdo, porque no nos parece bien que esta reforma ocupe nuestro tiempo en una crisis econ\u00f3mica, social y de seguridad. No seremos comparsa para esta farsa, creemos que el dictamen no amerita siquiera un posicionamiento\u201d, declar\u00f3 el legislador Sergio Barrera Sep\u00falveda.<\/p>\n","protected":false},"excerpt":{"rendered":"<p>Despu\u00e9s de 26 a\u00f1os de ser utilizado en el pa\u00eds, la C\u00e1mara de Diputados aprob\u00f3 eliminar el Horario de Verano, por lo que pasa al Senado para su discusi\u00f3n y votaci\u00f3n, y de ser avalado, entrar\u00e1 el vigor el 30 de octubre. Con 445 votos a favor, 33 abstenciones y 8 en contra, los legisladores [&hellip;]<\/p>\n","protected":false},"author":4,"featured_media":14219,"comment_status":"open","ping_status":"open","sticky":false,"template":"","format":"standard","meta":{"om_disable_all_campaigns":false,"_monsterinsights_skip_tracking":false,"_monsterinsights_sitenote_active":false,"_monsterinsights_sitenote_note":"","_monsterinsights_sitenote_category":0,"footnotes":""},"categories":[176],"tags":[195],"class_list":["post-14218","post","type-post","status-publish","format-standard","has-post-thumbnail","hentry","category-nacional","tag-principal"],"amp_enabled":true,"_links":{"self":[{"href":"https:\/\/lahora.mx\/index.php\/wp-json\/wp\/v2\/posts\/14218","targetHints":{"allow":["GET"]}}],"collection":[{"href":"https:\/\/lahora.mx\/index.php\/wp-json\/wp\/v2\/posts"}],"about":[{"href":"https:\/\/lahora.mx\/index.php\/wp-json\/wp\/v2\/types\/post"}],"author":[{"embeddable":true,"href":"https:\/\/lahora.mx\/index.php\/wp-json\/wp\/v2\/users\/4"}],"replies":[{"embeddable":true,"href":"https:\/\/lahora.mx\/index.php\/wp-json\/wp\/v2\/comments?post=14218"}],"version-history":[{"count":1,"href":"https:\/\/lahora.mx\/index.php\/wp-json\/wp\/v2\/posts\/14218\/revisions"}],"predecessor-version":[{"id":14220,"href":"https:\/\/lahora.mx\/index.php\/wp-json\/wp\/v2\/posts\/14218\/revisions\/14220"}],"wp:featuredmedia":[{"embeddable":true,"href":"https:\/\/lahora.mx\/index.php\/wp-json\/wp\/v2\/media\/14219"}],"wp:attachment":[{"href":"https:\/\/lahora.mx\/index.php\/wp-json\/wp\/v2\/media?parent=14218"}],"wp:term":[{"taxonomy":"category","embeddable":true,"href":"https:\/\/lahora.mx\/index.php\/wp-json\/wp\/v2\/categories?post=14218"},{"taxonomy":"post_tag","embeddable":true,"href":"https:\/\/lahora.mx\/index.php\/wp-json\/wp\/v2\/tags?post=14218"}],"curies":[{"name":"wp","href":"https:\/\/api.w.org\/{rel}","templated":true}]}}