{"id":14215,"date":"2022-09-29T23:36:07","date_gmt":"2022-09-29T23:36:07","guid":{"rendered":"http:\/\/lahora.mx\/?p=14215"},"modified":"2022-09-29T23:36:09","modified_gmt":"2022-09-29T23:36:09","slug":"por-falta-de-combustible-cae-el-helicoptero-de-marina-en-recaptura-de-caro-quintero","status":"publish","type":"post","link":"https:\/\/lahora.mx\/index.php\/2022\/09\/29\/por-falta-de-combustible-cae-el-helicoptero-de-marina-en-recaptura-de-caro-quintero\/","title":{"rendered":"Por falta de combustible cae el helic\u00f3ptero de Marina en recaptura de Caro Quintero"},"content":{"rendered":"\n<p>La falta de combustible fue la causa del desplome de uno de los helic\u00f3pteros de la Marina que particip\u00f3 en julio en el operativo de recaptura del capo Rafael Caro Quintero, en el que murieron 15 marinos de la Unidad de Operaciones Especiales, en Sinaloa.<\/p>\n\n\n\n<p>As\u00ed le notific\u00f3 la empresa fabricante de la aeronave tipo Black Hawk a la Fiscal\u00eda General de la Rep\u00fablica (FGR), tras haber revisado y analizado la caja negra del aparato en los Estados Unidos.<\/p>\n\n\n\n<p>La FGR inform\u00f3 este jueves que la empresa determin\u00f3 que \u201cfue la falta de combustible la causa de la ca\u00edda\u201d del helic\u00f3ptero cuando los elementos regresaban al aeropuerto de Los Mochis, Sinaloa, luego de haber cumplido la misi\u00f3n en la localidad de Choix, tambi\u00e9n en Sinaloa.<\/p>\n\n\n\n<p>En agosto pasado, la Fiscal\u00eda General de la Rep\u00fablica envi\u00f3 a Estados Unidos la caja negra del helic\u00f3ptero que se desplom\u00f3 despu\u00e9s de participar en el operativo de recaptura de Caro Quintero, quien est\u00e1 preso en el penal del Altiplano, Estado de M\u00e9xico, en espera de extradici\u00f3n a Estados Unidos.<br>Tras el desplome del helic\u00f3ptero, la FGR inici\u00f3 una carpeta de investigaci\u00f3n, que cuenta con el dictamen en materia de incendios de explosi\u00f3n, que indica que no hubo ning\u00fan ataque de car\u00e1cter externo, ni ninguna explosi\u00f3n por alg\u00fan artefacto ajeno a la aeronave.<\/p>\n","protected":false},"excerpt":{"rendered":"<p>La falta de combustible fue la causa del desplome de uno de los helic\u00f3pteros de la Marina que particip\u00f3 en julio en el operativo de recaptura del capo Rafael Caro Quintero, en el que murieron 15 marinos de la Unidad de Operaciones Especiales, en Sinaloa. As\u00ed le notific\u00f3 la empresa fabricante de la aeronave tipo [&hellip;]<\/p>\n","protected":false},"author":4,"featured_media":14216,"comment_status":"open","ping_status":"open","sticky":false,"template":"","format":"standard","meta":{"om_disable_all_campaigns":false,"_monsterinsights_skip_tracking":false,"_monsterinsights_sitenote_active":false,"_monsterinsights_sitenote_note":"","_monsterinsights_sitenote_category":0,"footnotes":""},"categories":[176],"tags":[195],"class_list":["post-14215","post","type-post","status-publish","format-standard","has-post-thumbnail","hentry","category-nacional","tag-principal"],"amp_enabled":true,"_links":{"self":[{"href":"https:\/\/lahora.mx\/index.php\/wp-json\/wp\/v2\/posts\/14215","targetHints":{"allow":["GET"]}}],"collection":[{"href":"https:\/\/lahora.mx\/index.php\/wp-json\/wp\/v2\/posts"}],"about":[{"href":"https:\/\/lahora.mx\/index.php\/wp-json\/wp\/v2\/types\/post"}],"author":[{"embeddable":true,"href":"https:\/\/lahora.mx\/index.php\/wp-json\/wp\/v2\/users\/4"}],"replies":[{"embeddable":true,"href":"https:\/\/lahora.mx\/index.php\/wp-json\/wp\/v2\/comments?post=14215"}],"version-history":[{"count":1,"href":"https:\/\/lahora.mx\/index.php\/wp-json\/wp\/v2\/posts\/14215\/revisions"}],"predecessor-version":[{"id":14217,"href":"https:\/\/lahora.mx\/index.php\/wp-json\/wp\/v2\/posts\/14215\/revisions\/14217"}],"wp:featuredmedia":[{"embeddable":true,"href":"https:\/\/lahora.mx\/index.php\/wp-json\/wp\/v2\/media\/14216"}],"wp:attachment":[{"href":"https:\/\/lahora.mx\/index.php\/wp-json\/wp\/v2\/media?parent=14215"}],"wp:term":[{"taxonomy":"category","embeddable":true,"href":"https:\/\/lahora.mx\/index.php\/wp-json\/wp\/v2\/categories?post=14215"},{"taxonomy":"post_tag","embeddable":true,"href":"https:\/\/lahora.mx\/index.php\/wp-json\/wp\/v2\/tags?post=14215"}],"curies":[{"name":"wp","href":"https:\/\/api.w.org\/{rel}","templated":true}]}}