{"id":14212,"date":"2022-09-29T23:30:31","date_gmt":"2022-09-29T23:30:31","guid":{"rendered":"http:\/\/lahora.mx\/?p=14212"},"modified":"2022-09-29T23:30:32","modified_gmt":"2022-09-29T23:30:32","slug":"se-eleva-a-9-25-su-tasa-de-interes-de-banxico","status":"publish","type":"post","link":"https:\/\/lahora.mx\/index.php\/2022\/09\/29\/se-eleva-a-9-25-su-tasa-de-interes-de-banxico\/","title":{"rendered":"Se eleva a 9.25% su tasa de inter\u00e9s de Banxico"},"content":{"rendered":"\n<p>El Banco de M\u00e9xico aument\u00f3 en 75 puntos base su tasa de inter\u00e9s interbancaria para llegar a 9.25%, un nivel r\u00e9cord, ante las presiones inflacionarias.<\/p>\n\n\n\n<p>La decisi\u00f3n se dio por unanimidad de los miembros de la Junta de Gobierno del organismo y entrar\u00e1 en vigor a partir de este viernes 30 de septiembre.<\/p>\n\n\n\n<p>\u00abLa inflaci\u00f3n global sigui\u00f3 aumentando en un entorno donde persisten desbalances entre demanda y oferta en diversos mercados y precios a\u00fan elevados de alimentos y energ\u00e9ticos. Esto contin\u00faa generando expectativas de un apretamiento monetario acelerado a nivel global y de tasas de referencia en niveles altos por un periodo prolongado\u00bb, indic\u00f3.<\/p>\n\n\n\n<p>Con la presencia de todos sus miembros, la Junta de Gobierno del #BancodeM\u00e9xico decidi\u00f3 por unanimidad aumentar la Tasa de Inter\u00e9s Interbancaria a 1 d\u00eda a un nivel de 9.25% con efectos a partir del 30 de septiembre de 2022. Consulta el comunicado en: https:\/\/t.co\/x6yZl1VJJf pic.twitter.com\/pnLwrNkmRX<\/p>\n\n\n\n<p>\u2014 Banco de M\u00e9xico (@Banxico) September 29, 2022<\/p>\n\n\n\n<p>El Banxico se\u00f1a\u00f3 que las presiones inflacionarias por la pandemia de covid-19 y la guerra entre Rusia y Ucrania contin\u00faan impactando en la inflaci\u00f3n general, que en la primera quincena de septiembre se ubic\u00f3 en 8.76%, \u00abnivel no observado en dos d\u00e9cadas\u00bb.<\/p>\n\n\n\n<p>Agreg\u00f3 que las expectativas correspondientes para 2022 y 2023 volvieron a incrementarse. \u00abLas de mediano plazo exhibieron en el margen cierto ajuste al alza y las de largo plazo se mantuvieron estables, si bien por arriba de la meta\u00bb.<\/p>\n\n\n\n<p>Ante este entorno, los pron\u00f3sticos para la inflaci\u00f3n general y para la subyacente se revisaron al alza para todo el horizonte de pron\u00f3stico. \u00abEn este entorno m\u00e1s complejo, se anticipa que la inflaci\u00f3n converja a la meta de 3% en el tercer trimestre de 2024\u00bb.<\/p>\n","protected":false},"excerpt":{"rendered":"<p>El Banco de M\u00e9xico aument\u00f3 en 75 puntos base su tasa de inter\u00e9s interbancaria para llegar a 9.25%, un nivel r\u00e9cord, ante las presiones inflacionarias. La decisi\u00f3n se dio por unanimidad de los miembros de la Junta de Gobierno del organismo y entrar\u00e1 en vigor a partir de este viernes 30 de septiembre. \u00abLa inflaci\u00f3n [&hellip;]<\/p>\n","protected":false},"author":4,"featured_media":14213,"comment_status":"open","ping_status":"open","sticky":false,"template":"","format":"standard","meta":{"om_disable_all_campaigns":false,"_monsterinsights_skip_tracking":false,"_monsterinsights_sitenote_active":false,"_monsterinsights_sitenote_note":"","_monsterinsights_sitenote_category":0,"footnotes":""},"categories":[176],"tags":[],"class_list":["post-14212","post","type-post","status-publish","format-standard","has-post-thumbnail","hentry","category-nacional"],"amp_enabled":true,"_links":{"self":[{"href":"https:\/\/lahora.mx\/index.php\/wp-json\/wp\/v2\/posts\/14212","targetHints":{"allow":["GET"]}}],"collection":[{"href":"https:\/\/lahora.mx\/index.php\/wp-json\/wp\/v2\/posts"}],"about":[{"href":"https:\/\/lahora.mx\/index.php\/wp-json\/wp\/v2\/types\/post"}],"author":[{"embeddable":true,"href":"https:\/\/lahora.mx\/index.php\/wp-json\/wp\/v2\/users\/4"}],"replies":[{"embeddable":true,"href":"https:\/\/lahora.mx\/index.php\/wp-json\/wp\/v2\/comments?post=14212"}],"version-history":[{"count":1,"href":"https:\/\/lahora.mx\/index.php\/wp-json\/wp\/v2\/posts\/14212\/revisions"}],"predecessor-version":[{"id":14214,"href":"https:\/\/lahora.mx\/index.php\/wp-json\/wp\/v2\/posts\/14212\/revisions\/14214"}],"wp:featuredmedia":[{"embeddable":true,"href":"https:\/\/lahora.mx\/index.php\/wp-json\/wp\/v2\/media\/14213"}],"wp:attachment":[{"href":"https:\/\/lahora.mx\/index.php\/wp-json\/wp\/v2\/media?parent=14212"}],"wp:term":[{"taxonomy":"category","embeddable":true,"href":"https:\/\/lahora.mx\/index.php\/wp-json\/wp\/v2\/categories?post=14212"},{"taxonomy":"post_tag","embeddable":true,"href":"https:\/\/lahora.mx\/index.php\/wp-json\/wp\/v2\/tags?post=14212"}],"curies":[{"name":"wp","href":"https:\/\/api.w.org\/{rel}","templated":true}]}}