{"id":14135,"date":"2022-09-28T16:33:09","date_gmt":"2022-09-28T16:33:09","guid":{"rendered":"http:\/\/lahora.mx\/?p=14135"},"modified":"2022-09-28T16:34:52","modified_gmt":"2022-09-28T16:34:52","slug":"barbosa-abre-la-puerta-a-la-despenalizacion-del-aborto-en-puebla","status":"publish","type":"post","link":"https:\/\/lahora.mx\/index.php\/2022\/09\/28\/barbosa-abre-la-puerta-a-la-despenalizacion-del-aborto-en-puebla\/","title":{"rendered":"Barbosa abre la puerta a la despenalizaci\u00f3n del aborto en Puebla"},"content":{"rendered":"\n<p>\u201cPuebla est\u00e1 preparada para resolver sus cosas con madurez\u201d, as\u00ed lo asegur\u00f3 el gobernador del estado, Miguel Barbosa Huerta al abrir la puerta al debate de la despenalizaci\u00f3n de la interrupci\u00f3n del embarazo, en el marco del D\u00eda de Acci\u00f3n Global para el acceso al Aborto Legal y Seguro, aunque sin aclarar cu\u00e1ndo se realizar\u00e1 dicha discusi\u00f3n.<\/p>\n\n\n\n<p>\u201cYa debe abrirse formalmente un debate ordenado, es un asunto que no es una lucha de un grupo espec\u00edfico, es de toda la sociedad y ya hay que asumirlo como un debate formal\u201d, se\u00f1al\u00f3 el mandatario estatal respecto al aborto en Puebla, hoy 28 de septiembre durante su conferencia ma\u00f1anera.<\/p>\n\n\n\n<p>\u00bfEn d\u00f3nde est\u00e1 despenalizado en aborto en M\u00e9xico?<br>Nota relacionada:<br>En Catedral piden el \u201cmilagro\u201d del aborto legal en\u2026<br>En Catedral piden el \u201cmilagro\u201d del aborto legal en Puebla<br>Actualmente, el aborto en M\u00e9xico legal y seguro est\u00e1 permitido en nueve de 32 entidades del pa\u00eds: Ciudad de M\u00e9xico, Oaxaca, Hidalgo, Veracruz, Baja California, Colima, Sinaloa, Guerrero y Baja California Sur.<\/p>\n\n\n\n<p>Por otro lado, el gobernador de Puebla agreg\u00f3 que las acciones violentas no ayudar\u00edan a que se despenalice la interrupci\u00f3n del embarazo y que es necesario que todos los segmentos de la sociedad est\u00e9n involucrados en el di\u00e1logo y no solo los grupos pol\u00edticos.<br>\u201cNo es un asunto s\u00f3lo de fuerzas pol\u00edticas, va mucho m\u00e1s all\u00e1 de las fuerzas pol\u00edticas, tienen que ser parte de ese di\u00e1logo, pero es de muchos sectores de la sociedad o de todos los sectores de la sociedad\u201d, opin\u00f3 el mandatario.<\/p>\n\n\n\n<p>Miguel Barbosa reconoci\u00f3 que el aborto en Puebla forma parte de un asunto de salud p\u00fablica y que el hecho de despenalizarlo no obliga a nadie a abortar, adem\u00e1s de que se evita que los hospitales privados se aprovechen para hacerlo un negocio.<\/p>\n\n\n\n<p>\u201cDesde que yo soy gobernante no hay ninguna mujer que tenga que ver con estar detenida por una acusaci\u00f3n de aborto. Y se forma un asunto de salud p\u00fablica y as\u00ed ya lo asumimos ahora. Esa ley no obliga a abortar a nadie cuando se despenalizara\u201d, agreg\u00f3 el mandatario.<\/p>\n\n\n\n<p>De acuerdo con el secretario de Salud, Jos\u00e9 Antonio Mart\u00ednez Garc\u00eda, en lo que va del a\u00f1o, 18 mujeres han optado por el aborto en Puebla, tras ser v\u00edctimas de agresi\u00f3n sexual.<\/p>\n","protected":false},"excerpt":{"rendered":"<p>\u201cPuebla est\u00e1 preparada para resolver sus cosas con madurez\u201d, as\u00ed lo asegur\u00f3 el gobernador del estado, Miguel Barbosa Huerta al abrir la puerta al debate de la despenalizaci\u00f3n de la interrupci\u00f3n del embarazo, en el marco del D\u00eda de Acci\u00f3n Global para el acceso al Aborto Legal y Seguro, aunque sin aclarar cu\u00e1ndo se realizar\u00e1 [&hellip;]<\/p>\n","protected":false},"author":4,"featured_media":14137,"comment_status":"open","ping_status":"open","sticky":false,"template":"","format":"standard","meta":{"om_disable_all_campaigns":false,"_monsterinsights_skip_tracking":false,"_monsterinsights_sitenote_active":false,"_monsterinsights_sitenote_note":"","_monsterinsights_sitenote_category":0,"footnotes":""},"categories":[175],"tags":[223],"class_list":["post-14135","post","type-post","status-publish","format-standard","has-post-thumbnail","hentry","category-local","tag-puebla"],"amp_enabled":true,"_links":{"self":[{"href":"https:\/\/lahora.mx\/index.php\/wp-json\/wp\/v2\/posts\/14135","targetHints":{"allow":["GET"]}}],"collection":[{"href":"https:\/\/lahora.mx\/index.php\/wp-json\/wp\/v2\/posts"}],"about":[{"href":"https:\/\/lahora.mx\/index.php\/wp-json\/wp\/v2\/types\/post"}],"author":[{"embeddable":true,"href":"https:\/\/lahora.mx\/index.php\/wp-json\/wp\/v2\/users\/4"}],"replies":[{"embeddable":true,"href":"https:\/\/lahora.mx\/index.php\/wp-json\/wp\/v2\/comments?post=14135"}],"version-history":[{"count":1,"href":"https:\/\/lahora.mx\/index.php\/wp-json\/wp\/v2\/posts\/14135\/revisions"}],"predecessor-version":[{"id":14136,"href":"https:\/\/lahora.mx\/index.php\/wp-json\/wp\/v2\/posts\/14135\/revisions\/14136"}],"wp:featuredmedia":[{"embeddable":true,"href":"https:\/\/lahora.mx\/index.php\/wp-json\/wp\/v2\/media\/14137"}],"wp:attachment":[{"href":"https:\/\/lahora.mx\/index.php\/wp-json\/wp\/v2\/media?parent=14135"}],"wp:term":[{"taxonomy":"category","embeddable":true,"href":"https:\/\/lahora.mx\/index.php\/wp-json\/wp\/v2\/categories?post=14135"},{"taxonomy":"post_tag","embeddable":true,"href":"https:\/\/lahora.mx\/index.php\/wp-json\/wp\/v2\/tags?post=14135"}],"curies":[{"name":"wp","href":"https:\/\/api.w.org\/{rel}","templated":true}]}}