{"id":14098,"date":"2022-09-27T22:46:13","date_gmt":"2022-09-27T22:46:13","guid":{"rendered":"http:\/\/lahora.mx\/?p=14098"},"modified":"2022-09-27T22:46:13","modified_gmt":"2022-09-27T22:46:13","slug":"cuidado-haz-tu-verificion-que-ya-habra-policias-medioambientales-en-puebla-sancionaran-a-quienes-no-verifiquen","status":"publish","type":"post","link":"https:\/\/lahora.mx\/index.php\/2022\/09\/27\/cuidado-haz-tu-verificion-que-ya-habra-policias-medioambientales-en-puebla-sancionaran-a-quienes-no-verifiquen\/","title":{"rendered":"\u00a1Cuidado! haz tu verifici\u00f3n que ya habr\u00e1 polic\u00edas medioambientales en Puebla; sancionar\u00e1n a quienes no verifiquen"},"content":{"rendered":"\n<p>Para hacer cumplir las nuevas disposiciones en materia de verificaci\u00f3n vehicular obligatoria en la entidad poblana, la Secretar\u00eda de Seguridad P\u00fablica (SSP) del gobierno estatal crear\u00e1 una nueva corporaci\u00f3n, muy similar a las polic\u00edas medioambientales que tienen otras entidades, anunci\u00f3 el titular de la dependencia, Daniel Iv\u00e1n Cruz Luna.<\/p>\n\n\n\n<p>Con el objetivo de sancionar a quienes circulen en las v\u00edas estatales sin contar con el engomado de verificaci\u00f3n vigente, adem\u00e1s de la restricci\u00f3n de horario que habr\u00e1 para los automovilistas que realicen su tr\u00e1mite ecol\u00f3gico fuera de Puebla, la SSP est\u00e1 agrupando a 100 elementos, quienes ser\u00e1n los encargados de vigilar el cumplimento de los nuevos estatutos.<\/p>\n\n\n\n<p>\u201cVamos a estar involucrados con este protocolo. Estamos creando un grupo especializado para dar cabal cumplimiento sobre toda la verificaci\u00f3n, sobre los esquemas de verificaci\u00f3n, y tambi\u00e9n para los veh\u00edculos que porten placas de otra entidad federativa dentro de los horarios restringidos\u201d, se\u00f1al\u00f3 en entrevista con medios de comunicaci\u00f3n.<br><br>Si bien, no detall\u00f3 cu\u00e1les ser\u00e1n concretamente las atribuciones jur\u00eddicas de esta nueva corporaci\u00f3n, indic\u00f3 que actuar\u00e1 conforme a las nuevas disposiciones que planean establecer las reformas a las leyes para la Protecci\u00f3n al Ambiente Natural y el Desarrollo Sustentable, la de Vialidad y la Ley Org\u00e1nica de la Administraci\u00f3n P\u00fablica, en las cuales se establece la obligatoriedad de la verificaci\u00f3n vehicular.<\/p>\n\n\n\n<p>\u201cSe [podr\u00e1] actuar conforme a derecho, estamos realizando ya un grupo especializado en ese sentido y lo daremos a conocer en pr\u00f3ximos d\u00edas (\u2026) Este grupo, yo calculo, de acuerdo con el estimado que tenemos en la Polic\u00eda Estatal Preventiva, vamos a tener un estimado no mayor a 100 elementos\u201d, agreg\u00f3.<\/p>\n\n\n\n<p>Este esquema ser\u00eda muy similar al de las \u201cpatrullas ecol\u00f3gicas\u201d que existen en territorios como la Ciudad de M\u00e9xico y que buscan castigar a los infractores de las disposiciones en materia medioambiental, asinti\u00f3 el funcionario.<\/p>\n\n\n\n<p>Incrementa la compra de veh\u00edculos nuevos en Puebla durante el primer semestre del 2022<br>Cabe recordar que, apenas un d\u00eda atr\u00e1s, el gobernador Miguel Barbosa Huerta anunci\u00f3 que los veh\u00edculos que hayan sido verificados en otra entidad y pretendan circular en las vialidades poblanas, podr\u00edan ser acreedores a una sanci\u00f3n, esto en caso de que transiten antes de las 10 de la ma\u00f1ana.<\/p>\n\n\n\n<p>Por \u00faltimo, no hay que olvidar que los nuevos espacios para cumplir con esta obligaci\u00f3n, tambi\u00e9n conocidos como Verificentros, estar\u00edan listos para brindar servicio a partir del pr\u00f3ximo 6 de octubre, seg\u00fan se estableci\u00f3 en la concesi\u00f3n firmada entre la administraci\u00f3n estatal y 10 particulares. Estos sitios se ubicar\u00e1n en los municipios de Puebla, Tehuac\u00e1n, Atlixco, Huejotzingo, San Andr\u00e9s Cholula y San Mart\u00edn Texmelucan<\/p>\n","protected":false},"excerpt":{"rendered":"<p>Para hacer cumplir las nuevas disposiciones en materia de verificaci\u00f3n vehicular obligatoria en la entidad poblana, la Secretar\u00eda de Seguridad P\u00fablica (SSP) del gobierno estatal crear\u00e1 una nueva corporaci\u00f3n, muy similar a las polic\u00edas medioambientales que tienen otras entidades, anunci\u00f3 el titular de la dependencia, Daniel Iv\u00e1n Cruz Luna. Con el objetivo de sancionar a [&hellip;]<\/p>\n","protected":false},"author":4,"featured_media":14099,"comment_status":"open","ping_status":"open","sticky":false,"template":"","format":"standard","meta":{"om_disable_all_campaigns":false,"_monsterinsights_skip_tracking":false,"_monsterinsights_sitenote_active":false,"_monsterinsights_sitenote_note":"","_monsterinsights_sitenote_category":0,"footnotes":""},"categories":[175],"tags":[195,223],"class_list":["post-14098","post","type-post","status-publish","format-standard","has-post-thumbnail","hentry","category-local","tag-principal","tag-puebla"],"amp_enabled":true,"_links":{"self":[{"href":"https:\/\/lahora.mx\/index.php\/wp-json\/wp\/v2\/posts\/14098","targetHints":{"allow":["GET"]}}],"collection":[{"href":"https:\/\/lahora.mx\/index.php\/wp-json\/wp\/v2\/posts"}],"about":[{"href":"https:\/\/lahora.mx\/index.php\/wp-json\/wp\/v2\/types\/post"}],"author":[{"embeddable":true,"href":"https:\/\/lahora.mx\/index.php\/wp-json\/wp\/v2\/users\/4"}],"replies":[{"embeddable":true,"href":"https:\/\/lahora.mx\/index.php\/wp-json\/wp\/v2\/comments?post=14098"}],"version-history":[{"count":1,"href":"https:\/\/lahora.mx\/index.php\/wp-json\/wp\/v2\/posts\/14098\/revisions"}],"predecessor-version":[{"id":14100,"href":"https:\/\/lahora.mx\/index.php\/wp-json\/wp\/v2\/posts\/14098\/revisions\/14100"}],"wp:featuredmedia":[{"embeddable":true,"href":"https:\/\/lahora.mx\/index.php\/wp-json\/wp\/v2\/media\/14099"}],"wp:attachment":[{"href":"https:\/\/lahora.mx\/index.php\/wp-json\/wp\/v2\/media?parent=14098"}],"wp:term":[{"taxonomy":"category","embeddable":true,"href":"https:\/\/lahora.mx\/index.php\/wp-json\/wp\/v2\/categories?post=14098"},{"taxonomy":"post_tag","embeddable":true,"href":"https:\/\/lahora.mx\/index.php\/wp-json\/wp\/v2\/tags?post=14098"}],"curies":[{"name":"wp","href":"https:\/\/api.w.org\/{rel}","templated":true}]}}