{"id":14095,"date":"2022-09-27T22:41:25","date_gmt":"2022-09-27T22:41:25","guid":{"rendered":"http:\/\/lahora.mx\/?p=14095"},"modified":"2022-09-27T22:41:26","modified_gmt":"2022-09-27T22:41:26","slug":"el-gobierno-municipal-repondra-4-de-los-5-arboles-retirados-del-zocalo-tras-lluvias-de-agosto","status":"publish","type":"post","link":"https:\/\/lahora.mx\/index.php\/2022\/09\/27\/el-gobierno-municipal-repondra-4-de-los-5-arboles-retirados-del-zocalo-tras-lluvias-de-agosto\/","title":{"rendered":"El gobierno municipal repondr\u00e1 4 de los 5 \u00e1rboles retirados del z\u00f3calo tras lluvias de agosto"},"content":{"rendered":"\n<p>El gobierno municipal repondr\u00e1 cuatro de los cinco \u00e1rboles que fueron retirados del z\u00f3calo de la ciudad debido a los da\u00f1os que les provocaron las lluvias del pasado 29 de agosto, inform\u00f3 la secretaria de Medio Ambiente, Myriam Arabian Couttolenc.<\/p>\n\n\n\n<p>As\u00ed mismo, se\u00f1al\u00f3 que los dict\u00e1menes que la dependencia realiz\u00f3 en conjunto con la Secretar\u00eda de Medio Ambiente, Desarrollo Sustentable y Ordenamiento Territorial (SMADSOT) coincidieron \u201ctotalmente con lo que ya se hab\u00eda hablado\u201d, en alusi\u00f3n a que las ra\u00edces de los \u00e1rboles se hab\u00edan da\u00f1ado durante las lluvias y eso los pon\u00eda en riesgo de caer.<br><\/p>\n\n\n\n<p>Asimismo, se\u00f1al\u00f3 que en otras zonas como el Paseo Bravo contin\u00faa la revisi\u00f3n de palmeras que est\u00e1n afectadas por plagas, a fin de intervenirlas y evitar que tambi\u00e9n deban ser retiradas, ya que hasta el momento solo hay dos que ya no pudieron conservarse debido al da\u00f1o que presentaban.<\/p>\n\n\n\n<p>\u201cEn el Paseo Bravo van a ver mucha poda en el piso, eso obedece a que est\u00e1n quitando todas las plagas, \u00e1rbol por \u00e1rbol, entonces si se est\u00e1n trabajando y estamos evitando que se derribe cualquiera\u201d, expres\u00f3.<\/p>\n\n\n\n<p>Arabian sostuvo que de las llamadas que recibe la dependencia para realizar dict\u00e1menes sobre la situaci\u00f3n de especies arb\u00f3reas en Puebla, regularmente el 10 por ciento de ellas derivan en el retiro del ejemplar, mientras que en la mayor\u00eda de los casos el problema se resuelve con otro tipo de acciones, principalmente de poda.<\/p>\n\n\n\n<p>Regulaci\u00f3n de pepenadores es para mejorar su actividad<br>En otro orden de ideas, la Secretaria destac\u00f3 que las reformas al C\u00f3digo Reglamentario Municipal (COREMUN) que recientemente aval\u00f3 la Comisi\u00f3n de Movilidad e Infraestructura no tienen como objetivo cobrar a los pepenadores para permitirles desarrollar su actividad, sino regularizarla.<\/p>\n\n\n\n<p>Asegur\u00f3 que se trata de promover la econom\u00eda circular a trav\u00e9s de la actividad que realizan los recolectores de residuos, mediante capacitaciones y cursos que los ayuden a realizar de mejor forma la tarea de separaci\u00f3n, reciclaje o venta de los mismos.<\/p>\n\n\n\n<p>\u201cQue cada uno sepa que hacer con los valorizables que sacan, que haya orden porque luego est\u00e1n trabajando en un lugar y llega gente externa y les quita su fuente de ingreso, entonces, que los conozcan los propietarios de negocios o de fraccionamientos para que haya m\u00e1s confianza y mejor trabajo y que conozcan el valor que tienen esos valorizables para que nadie trate de abusar de ellos\u201d, dijo.<\/p>\n\n\n\n<p>Finalmente, adelant\u00f3 que ser\u00e1 en cuesti\u00f3n de d\u00edas cuando se presente formalmente la estrategia a implementar, aunque cabe precisar que el dictamen avalado por los regidores contempla acciones de empadronamiento, entrega de credenciales y uniformes para quienes se dedican a esa actividad.<\/p>\n","protected":false},"excerpt":{"rendered":"<p>El gobierno municipal repondr\u00e1 cuatro de los cinco \u00e1rboles que fueron retirados del z\u00f3calo de la ciudad debido a los da\u00f1os que les provocaron las lluvias del pasado 29 de agosto, inform\u00f3 la secretaria de Medio Ambiente, Myriam Arabian Couttolenc. As\u00ed mismo, se\u00f1al\u00f3 que los dict\u00e1menes que la dependencia realiz\u00f3 en conjunto con la Secretar\u00eda [&hellip;]<\/p>\n","protected":false},"author":4,"featured_media":14096,"comment_status":"open","ping_status":"open","sticky":false,"template":"","format":"standard","meta":{"om_disable_all_campaigns":false,"_monsterinsights_skip_tracking":false,"_monsterinsights_sitenote_active":false,"_monsterinsights_sitenote_note":"","_monsterinsights_sitenote_category":0,"footnotes":""},"categories":[175],"tags":[223],"class_list":["post-14095","post","type-post","status-publish","format-standard","has-post-thumbnail","hentry","category-local","tag-puebla"],"amp_enabled":true,"_links":{"self":[{"href":"https:\/\/lahora.mx\/index.php\/wp-json\/wp\/v2\/posts\/14095","targetHints":{"allow":["GET"]}}],"collection":[{"href":"https:\/\/lahora.mx\/index.php\/wp-json\/wp\/v2\/posts"}],"about":[{"href":"https:\/\/lahora.mx\/index.php\/wp-json\/wp\/v2\/types\/post"}],"author":[{"embeddable":true,"href":"https:\/\/lahora.mx\/index.php\/wp-json\/wp\/v2\/users\/4"}],"replies":[{"embeddable":true,"href":"https:\/\/lahora.mx\/index.php\/wp-json\/wp\/v2\/comments?post=14095"}],"version-history":[{"count":1,"href":"https:\/\/lahora.mx\/index.php\/wp-json\/wp\/v2\/posts\/14095\/revisions"}],"predecessor-version":[{"id":14097,"href":"https:\/\/lahora.mx\/index.php\/wp-json\/wp\/v2\/posts\/14095\/revisions\/14097"}],"wp:featuredmedia":[{"embeddable":true,"href":"https:\/\/lahora.mx\/index.php\/wp-json\/wp\/v2\/media\/14096"}],"wp:attachment":[{"href":"https:\/\/lahora.mx\/index.php\/wp-json\/wp\/v2\/media?parent=14095"}],"wp:term":[{"taxonomy":"category","embeddable":true,"href":"https:\/\/lahora.mx\/index.php\/wp-json\/wp\/v2\/categories?post=14095"},{"taxonomy":"post_tag","embeddable":true,"href":"https:\/\/lahora.mx\/index.php\/wp-json\/wp\/v2\/tags?post=14095"}],"curies":[{"name":"wp","href":"https:\/\/api.w.org\/{rel}","templated":true}]}}