{"id":14030,"date":"2022-09-26T19:21:38","date_gmt":"2022-09-26T19:21:38","guid":{"rendered":"http:\/\/lahora.mx\/?p=14030"},"modified":"2022-09-26T19:21:39","modified_gmt":"2022-09-26T19:21:39","slug":"atencion-para-su-verificacion-vehicular-en-puebla-habra-restriccion-de-horario-para-quien-no-cumpla","status":"publish","type":"post","link":"https:\/\/lahora.mx\/index.php\/2022\/09\/26\/atencion-para-su-verificacion-vehicular-en-puebla-habra-restriccion-de-horario-para-quien-no-cumpla\/","title":{"rendered":"Atenci\u00f3n para su verificaci\u00f3n vehicular en Puebla: habr\u00e1 restricci\u00f3n de horario para quien no cumpla"},"content":{"rendered":"\n<p>Al estilo de Ciudad de M\u00e9xico, los autos que no cumplan con la verificaci\u00f3n vehicular en Puebla, no podr\u00e1n circular antes de las 10:00 horas en la entidad, as\u00ed lo revel\u00f3 la ma\u00f1ana de hoy lunes 26 de septiembre el gobernador de Puebla, Miguel Barbosa Huerta.<\/p>\n\n\n\n<p>\u201cEl que verifique fuera de Puebla va a poder circular en el estado despu\u00e9s de las 10 de la ma\u00f1ana\u201d, sentenci\u00f3 Barbosa.<br>Al ofrecer detalles de la reforma a la Ley para la Protecci\u00f3n del Ambiente Natural y el Desarrollo Sustentable que envi\u00f3 la semana pasada al Congreso del estado, el titular del ejecutivo en la entidad reiter\u00f3 en su conferencia matutina que la verificaci\u00f3n vehicular en Puebla ser\u00e1 obligatoria.<\/p>\n\n\n\n<p>\u201cNo crean que se va a poder seguir permitiendo que vayan a verificar a Tlaxcala y vengan aqu\u00ed normalitos, no, es obligatorio aqu\u00ed en Puebla\u201d, se\u00f1al\u00f3 el gobernador.<\/p>\n\n\n\n<p>\u00bfPor qu\u00e9 ser\u00e1 obligatoria la verificaci\u00f3n vehicular en Puebla?<br>De acuerdo con la iniciativa de reforma del gobernador Barbosa, Puebla sufre un deterioro en la calidad del aire, como consecuencia, entre otras cosas, por las emisiones de gases contaminantes a la atm\u00f3sfera a consecuencia del incremento del parque vehicular de tal forma que dicha propuesta busca hacerle frente a la problem\u00e1tica.<\/p>\n\n\n\n<p>\u201cLos veh\u00edculos automotores registrados o que circulen en el estado, destinados al transporte privado y al servicio p\u00fablico, deber\u00e1n ser sometidos a verificaci\u00f3n, conforme a esta ley, su Reglamento en Materia de Prevenci\u00f3n y Control de la Contaminaci\u00f3n Atmosf\u00e9rica y los programas que al efecto formule la secretar\u00eda\u201d, se\u00f1ala su propuesta.<\/p>\n\n\n\n<p>Pero eso no es todo y es que adem\u00e1s el gobierno de Puebla plantea tambi\u00e9n modificar la Ley Org\u00e1nica de la Administraci\u00f3n P\u00fablica del estado para otorgar facultades a la Secretar\u00eda de Movilidad y Transporte respecto a establecer, solicitar y revisar documentos, certificados y hologramas de los veh\u00edculos particulares y del transporte p\u00fablico en sus diferentes modalidades.<\/p>\n\n\n\n<p>As\u00ed, aunque el gobierno del estado no ha precisado otras sanciones, m\u00e1s all\u00e1 de no permitir la circulaci\u00f3n antes de las 10:00 horas, al parecer no dejar\u00e1 margen alguno para quien no cumpla con la verificaci\u00f3n vehicular en Puebla.<\/p>\n","protected":false},"excerpt":{"rendered":"<p>Al estilo de Ciudad de M\u00e9xico, los autos que no cumplan con la verificaci\u00f3n vehicular en Puebla, no podr\u00e1n circular antes de las 10:00 horas en la entidad, as\u00ed lo revel\u00f3 la ma\u00f1ana de hoy lunes 26 de septiembre el gobernador de Puebla, Miguel Barbosa Huerta. \u201cEl que verifique fuera de Puebla va a poder [&hellip;]<\/p>\n","protected":false},"author":4,"featured_media":14032,"comment_status":"open","ping_status":"open","sticky":false,"template":"","format":"standard","meta":{"om_disable_all_campaigns":false,"_monsterinsights_skip_tracking":false,"_monsterinsights_sitenote_active":false,"_monsterinsights_sitenote_note":"","_monsterinsights_sitenote_category":0,"footnotes":""},"categories":[175],"tags":[195,223],"class_list":["post-14030","post","type-post","status-publish","format-standard","has-post-thumbnail","hentry","category-local","tag-principal","tag-puebla"],"amp_enabled":true,"_links":{"self":[{"href":"https:\/\/lahora.mx\/index.php\/wp-json\/wp\/v2\/posts\/14030","targetHints":{"allow":["GET"]}}],"collection":[{"href":"https:\/\/lahora.mx\/index.php\/wp-json\/wp\/v2\/posts"}],"about":[{"href":"https:\/\/lahora.mx\/index.php\/wp-json\/wp\/v2\/types\/post"}],"author":[{"embeddable":true,"href":"https:\/\/lahora.mx\/index.php\/wp-json\/wp\/v2\/users\/4"}],"replies":[{"embeddable":true,"href":"https:\/\/lahora.mx\/index.php\/wp-json\/wp\/v2\/comments?post=14030"}],"version-history":[{"count":1,"href":"https:\/\/lahora.mx\/index.php\/wp-json\/wp\/v2\/posts\/14030\/revisions"}],"predecessor-version":[{"id":14033,"href":"https:\/\/lahora.mx\/index.php\/wp-json\/wp\/v2\/posts\/14030\/revisions\/14033"}],"wp:featuredmedia":[{"embeddable":true,"href":"https:\/\/lahora.mx\/index.php\/wp-json\/wp\/v2\/media\/14032"}],"wp:attachment":[{"href":"https:\/\/lahora.mx\/index.php\/wp-json\/wp\/v2\/media?parent=14030"}],"wp:term":[{"taxonomy":"category","embeddable":true,"href":"https:\/\/lahora.mx\/index.php\/wp-json\/wp\/v2\/categories?post=14030"},{"taxonomy":"post_tag","embeddable":true,"href":"https:\/\/lahora.mx\/index.php\/wp-json\/wp\/v2\/tags?post=14030"}],"curies":[{"name":"wp","href":"https:\/\/api.w.org\/{rel}","templated":true}]}}