{"id":14018,"date":"2022-09-25T21:36:42","date_gmt":"2022-09-25T21:36:42","guid":{"rendered":"http:\/\/lahora.mx\/?p=14018"},"modified":"2022-09-25T21:36:42","modified_gmt":"2022-09-25T21:36:42","slug":"en-su-locura-dispara-un-arma-en-el-mercado-morelos-en-puebla","status":"publish","type":"post","link":"https:\/\/lahora.mx\/index.php\/2022\/09\/25\/en-su-locura-dispara-un-arma-en-el-mercado-morelos-en-puebla\/","title":{"rendered":"En su locura dispara un arma en el mercado Morelos, en Puebla"},"content":{"rendered":"\n<p>Momentos de p\u00e1nico y tensi\u00f3n, vivieron nuevamente locatarios y clientes del mercado Morelos, luego de que este domingo un drogadicto realizara varias detonaciones de arma de fuego al aire, por lo que fue detenido y llevado ante las autoridades correspondientes.<\/p>\n\n\n\n<p>A las 13:10 horas de este 25 de septiembre, al n\u00famero de emergencias 911 entr\u00f3 una llamada de auxilio por una balacera en dicho centro de abasto, ubicado entre la colonia Diez de Mayo y Xonaca.<br>Polic\u00edas municipales y estatales se desplazaron de inmediato a la zona, donde encontraron que el responsable era un hombre, al parecer, bajo los influjos de alguna droga, el cual mientras deambulaba por el sitio sac\u00f3 un arma y dispar\u00f3 en varias ocasiones al aire.<\/p>\n\n\n\n<p>Esta acci\u00f3n gener\u00f3 miedo y que algunas personas buscaran d\u00f3nde resguardarse, mientras daban aviso a la polic\u00eda; una vez que los agentes policiacos ubicaron al responsable lo corretearon ya que intent\u00f3 huir.<br>El sujeto de aproximadamente 30 a\u00f1os de edad, fue atrapado en el \u00e1rea de ba\u00f1os y llevado a las instalaciones centrales de la Polic\u00eda Municipal para que una vez concluidos los tr\u00e1mites fuera puesto a disposici\u00f3n del agente del Ministerio P\u00fablico del fuero com\u00fan para que se definiera su situaci\u00f3n legal pues no hubo lesionados ni decesos que lamentar.<\/p>\n\n\n\n<p>Apenas el pasado 11 de septiembre, a plena luz de d\u00eda y frente a decenas de personas, un hombre, presunto integrante de la banda delictiva de Jos\u00e9 Christian N., alias \u201cEl Grillo\u201d, fue ejecutado de dos impactos de arma de fuego en el Mercado Morelos; junto al cuerpo, los asesinos dejaron una lona, presuntamente, firmada por el Cartel Jalisco Nueva Generaci\u00f3n (CJNG) que conten\u00eda un mensaje de advertencia dirigido a la novia del citado l\u00edder narcomenudista, y contra otros de sus integrantes.<\/p>\n","protected":false},"excerpt":{"rendered":"<p>Momentos de p\u00e1nico y tensi\u00f3n, vivieron nuevamente locatarios y clientes del mercado Morelos, luego de que este domingo un drogadicto realizara varias detonaciones de arma de fuego al aire, por lo que fue detenido y llevado ante las autoridades correspondientes. A las 13:10 horas de este 25 de septiembre, al n\u00famero de emergencias 911 entr\u00f3 [&hellip;]<\/p>\n","protected":false},"author":4,"featured_media":14019,"comment_status":"open","ping_status":"open","sticky":false,"template":"","format":"standard","meta":{"om_disable_all_campaigns":false,"_monsterinsights_skip_tracking":false,"_monsterinsights_sitenote_active":false,"_monsterinsights_sitenote_note":"","_monsterinsights_sitenote_category":0,"footnotes":""},"categories":[175,226],"tags":[223],"class_list":["post-14018","post","type-post","status-publish","format-standard","has-post-thumbnail","hentry","category-local","category-policia","tag-puebla"],"amp_enabled":true,"_links":{"self":[{"href":"https:\/\/lahora.mx\/index.php\/wp-json\/wp\/v2\/posts\/14018","targetHints":{"allow":["GET"]}}],"collection":[{"href":"https:\/\/lahora.mx\/index.php\/wp-json\/wp\/v2\/posts"}],"about":[{"href":"https:\/\/lahora.mx\/index.php\/wp-json\/wp\/v2\/types\/post"}],"author":[{"embeddable":true,"href":"https:\/\/lahora.mx\/index.php\/wp-json\/wp\/v2\/users\/4"}],"replies":[{"embeddable":true,"href":"https:\/\/lahora.mx\/index.php\/wp-json\/wp\/v2\/comments?post=14018"}],"version-history":[{"count":1,"href":"https:\/\/lahora.mx\/index.php\/wp-json\/wp\/v2\/posts\/14018\/revisions"}],"predecessor-version":[{"id":14020,"href":"https:\/\/lahora.mx\/index.php\/wp-json\/wp\/v2\/posts\/14018\/revisions\/14020"}],"wp:featuredmedia":[{"embeddable":true,"href":"https:\/\/lahora.mx\/index.php\/wp-json\/wp\/v2\/media\/14019"}],"wp:attachment":[{"href":"https:\/\/lahora.mx\/index.php\/wp-json\/wp\/v2\/media?parent=14018"}],"wp:term":[{"taxonomy":"category","embeddable":true,"href":"https:\/\/lahora.mx\/index.php\/wp-json\/wp\/v2\/categories?post=14018"},{"taxonomy":"post_tag","embeddable":true,"href":"https:\/\/lahora.mx\/index.php\/wp-json\/wp\/v2\/tags?post=14018"}],"curies":[{"name":"wp","href":"https:\/\/api.w.org\/{rel}","templated":true}]}}