{"id":14013,"date":"2022-09-25T21:25:21","date_gmt":"2022-09-25T21:25:21","guid":{"rendered":"http:\/\/lahora.mx\/?p=14013"},"modified":"2022-09-25T21:25:21","modified_gmt":"2022-09-25T21:25:21","slug":"contigo-mujer-llega-a-juntas-auxiliares-de-puebla","status":"publish","type":"post","link":"https:\/\/lahora.mx\/index.php\/2022\/09\/25\/contigo-mujer-llega-a-juntas-auxiliares-de-puebla\/","title":{"rendered":"\u201dContigo Mujer\u201d llega a juntas auxiliares de Puebla"},"content":{"rendered":"\n<p>Siendo uno de los programas ejes del Ayuntamiento de Puebla que preside Eduardo Rivera P\u00e9rez, \u201cContigo Mujer\u201d ha extendido los puntos de capacitaci\u00f3n para ayudar a m\u00e1s administradoras del hogar, emprendedoras, madres de familia y j\u00f3venes a potenciar su talento y autonom\u00eda econ\u00f3mica.<\/p>\n\n\n\n<p>Ante la buena respuesta en la primera etapa de este programa, con 8 mil 721 mujeres capacitadas en diversos oficios y materias te\u00f3ricas, la Secretar\u00eda para la Igualdad Sustantiva de G\u00e9nero dispuso impartir los talleres en Juntas Auxiliares como: La Resurrecci\u00f3n, La Libertad, San Jer\u00f3nimo Caleras, Azumiatla, Ignacio Romero Vargas, San Francisco Totimehuac\u00e1n, San Pedro Zacachimalpan, San Pablo Xochimehuac\u00e1n y San Felipe Hueyotlipan.<\/p>\n\n\n\n<figure class=\"wp-block-image size-large\"><img fetchpriority=\"high\" decoding=\"async\" width=\"1024\" height=\"768\" src=\"https:\/\/lahora.mx\/wp-content\/uploads\/2022\/09\/01114c13-c41a-428a-9f04-54327f843df9-1024x768.jpeg\" alt=\"\" class=\"wp-image-14015\" srcset=\"https:\/\/lahora.mx\/wp-content\/uploads\/2022\/09\/01114c13-c41a-428a-9f04-54327f843df9-1024x768.jpeg 1024w, https:\/\/lahora.mx\/wp-content\/uploads\/2022\/09\/01114c13-c41a-428a-9f04-54327f843df9-300x225.jpeg 300w, https:\/\/lahora.mx\/wp-content\/uploads\/2022\/09\/01114c13-c41a-428a-9f04-54327f843df9-768x576.jpeg 768w, https:\/\/lahora.mx\/wp-content\/uploads\/2022\/09\/01114c13-c41a-428a-9f04-54327f843df9-1536x1152.jpeg 1536w, https:\/\/lahora.mx\/wp-content\/uploads\/2022\/09\/01114c13-c41a-428a-9f04-54327f843df9.jpeg 1600w\" sizes=\"(max-width: 1024px) 100vw, 1024px\" \/><\/figure>\n\n\n\n<p>Actualmente, en la segunda generaci\u00f3n, tan s\u00f3lo en septiembre -con corte al d\u00eda 22- se han capacitado de manera presencial 548 mujeres, quienes participan en alguno de los 26 talleres como: reposter\u00eda, dise\u00f1o de modas, mec\u00e1nica automotriz, carpinter\u00eda, reparaci\u00f3n de electrodom\u00e9sticos, globoflexia, cursos de manejo, entre otros. Y para contribuir a su seguridad se incluy\u00f3 un curso de defensa personal.<\/p>\n\n\n\n<p>Mientras que en l\u00ednea, en el mismo periodo, son 515 participantes formadas en \u201cEducaci\u00f3n Financiera con Perspectiva de G\u00e9nero y Plan de Negocios\u201d, taller al que tienen acceso mediante la plataforma contigomujer.pueblacapital.gob.mx\/cursos. Y a partir del mes de octubre empresarias afiliadas a la Confederaci\u00f3n Patronal de la Rep\u00fablica Mexicana (COPARMEX) brindar\u00e1n 200 mentor\u00edas a beneficiarias de \u201cContigo Mujer\u201d.<\/p>\n\n\n\n<figure class=\"wp-block-image size-large\"><img decoding=\"async\" width=\"1024\" height=\"768\" src=\"https:\/\/lahora.mx\/wp-content\/uploads\/2022\/09\/8bad5f77-f8bd-497c-885f-956bcb20ecf7-1024x768.jpeg\" alt=\"\" class=\"wp-image-14016\" srcset=\"https:\/\/lahora.mx\/wp-content\/uploads\/2022\/09\/8bad5f77-f8bd-497c-885f-956bcb20ecf7-1024x768.jpeg 1024w, https:\/\/lahora.mx\/wp-content\/uploads\/2022\/09\/8bad5f77-f8bd-497c-885f-956bcb20ecf7-300x225.jpeg 300w, https:\/\/lahora.mx\/wp-content\/uploads\/2022\/09\/8bad5f77-f8bd-497c-885f-956bcb20ecf7-768x576.jpeg 768w, https:\/\/lahora.mx\/wp-content\/uploads\/2022\/09\/8bad5f77-f8bd-497c-885f-956bcb20ecf7-1536x1152.jpeg 1536w, https:\/\/lahora.mx\/wp-content\/uploads\/2022\/09\/8bad5f77-f8bd-497c-885f-956bcb20ecf7.jpeg 1600w\" sizes=\"(max-width: 1024px) 100vw, 1024px\" \/><\/figure>\n\n\n\n<p>Es as\u00ed que en este primer a\u00f1o de la Administraci\u00f3n de Eduardo Rivera se espera apoyar el esp\u00edritu emprendedor y fortalecer la independencia econ\u00f3mica de m\u00e1s de 10 mil mujeres en la capital poblana, teniendo la seguridad que su aprendizaje cuenta con validez oficial.<\/p>\n\n\n\n<p>\u201cContigo Mujer\u201d seguir\u00e1 recibiendo a todas aquellas entusiastas que est\u00e1n en b\u00fasqueda de nuevos conocimientos y oportunidades de crecimiento, por ello est\u00e1 a disposici\u00f3n el n\u00famero 22 23 09 46 00, extensiones 6051 y 6053, as\u00ed como el correo electr\u00f3nico contigomujersis@gmail.com<\/p>\n","protected":false},"excerpt":{"rendered":"<p>Siendo uno de los programas ejes del Ayuntamiento de Puebla que preside Eduardo Rivera P\u00e9rez, \u201cContigo Mujer\u201d ha extendido los puntos de capacitaci\u00f3n para ayudar a m\u00e1s administradoras del hogar, emprendedoras, madres de familia y j\u00f3venes a potenciar su talento y autonom\u00eda econ\u00f3mica. Ante la buena respuesta en la primera etapa de este programa, con [&hellip;]<\/p>\n","protected":false},"author":4,"featured_media":14014,"comment_status":"open","ping_status":"open","sticky":false,"template":"","format":"standard","meta":{"om_disable_all_campaigns":false,"_monsterinsights_skip_tracking":false,"_monsterinsights_sitenote_active":false,"_monsterinsights_sitenote_note":"","_monsterinsights_sitenote_category":0,"footnotes":""},"categories":[175],"tags":[223],"class_list":["post-14013","post","type-post","status-publish","format-standard","has-post-thumbnail","hentry","category-local","tag-puebla"],"amp_enabled":true,"_links":{"self":[{"href":"https:\/\/lahora.mx\/index.php\/wp-json\/wp\/v2\/posts\/14013","targetHints":{"allow":["GET"]}}],"collection":[{"href":"https:\/\/lahora.mx\/index.php\/wp-json\/wp\/v2\/posts"}],"about":[{"href":"https:\/\/lahora.mx\/index.php\/wp-json\/wp\/v2\/types\/post"}],"author":[{"embeddable":true,"href":"https:\/\/lahora.mx\/index.php\/wp-json\/wp\/v2\/users\/4"}],"replies":[{"embeddable":true,"href":"https:\/\/lahora.mx\/index.php\/wp-json\/wp\/v2\/comments?post=14013"}],"version-history":[{"count":1,"href":"https:\/\/lahora.mx\/index.php\/wp-json\/wp\/v2\/posts\/14013\/revisions"}],"predecessor-version":[{"id":14017,"href":"https:\/\/lahora.mx\/index.php\/wp-json\/wp\/v2\/posts\/14013\/revisions\/14017"}],"wp:featuredmedia":[{"embeddable":true,"href":"https:\/\/lahora.mx\/index.php\/wp-json\/wp\/v2\/media\/14014"}],"wp:attachment":[{"href":"https:\/\/lahora.mx\/index.php\/wp-json\/wp\/v2\/media?parent=14013"}],"wp:term":[{"taxonomy":"category","embeddable":true,"href":"https:\/\/lahora.mx\/index.php\/wp-json\/wp\/v2\/categories?post=14013"},{"taxonomy":"post_tag","embeddable":true,"href":"https:\/\/lahora.mx\/index.php\/wp-json\/wp\/v2\/tags?post=14013"}],"curies":[{"name":"wp","href":"https:\/\/api.w.org\/{rel}","templated":true}]}}