{"id":14010,"date":"2022-09-25T20:08:47","date_gmt":"2022-09-25T20:08:47","guid":{"rendered":"http:\/\/lahora.mx\/?p=14010"},"modified":"2022-09-25T20:08:48","modified_gmt":"2022-09-25T20:08:48","slug":"tras-lluvias-seis-escuelas-presentan-leves-afectaciones-sep","status":"publish","type":"post","link":"https:\/\/lahora.mx\/index.php\/2022\/09\/25\/tras-lluvias-seis-escuelas-presentan-leves-afectaciones-sep\/","title":{"rendered":"Tras lluvias seis escuelas presentan leves afectaciones: SEP"},"content":{"rendered":"\n<p>Melit\u00f3n Lozano P\u00e9rez, titular de la Secretar\u00eda de Educaci\u00f3n P\u00fablica (SEP), inform\u00f3 que tras la fuerte lluvia que azot\u00f3 varios puntos de la ciudad la noche del s\u00e1bado, hubo leves afectaciones en seis colegios, sin embargo, asegur\u00f3 que estos da\u00f1os no representan un riesgo de suspensi\u00f3n de clases.<\/p>\n\n\n\n<p>Afirm\u00f3 que s\u00ed existieron diversos reportes la noche del s\u00e1bado en diversas escuelas, sobre todo en la zona de Amalucan, empero, ninguna de ellas represent\u00f3 un riesgo mayor. \u201cNo son cosas que impidan las labores educativas, en algunas se mojaron los materiales did\u00e1cticos, entr\u00f3 agua a los salones pero no impiden las clases\u201d, argument\u00f3.<\/p>\n\n\n\n<p>Fuerte lluvia causa inundaciones en diversos puntos de Puebla<br>Detall\u00f3 que los reportes de las seis escuelas da\u00f1adas fueron al corte del s\u00e1bado, no obstante, s\u00f3lo abarcaron la zona metropolitana.<\/p>\n\n\n\n<p>Ante ello, comparti\u00f3 que ser\u00e1 hasta el pr\u00f3ximo 26 de septiembre que recibir\u00e1 el reporte completo a nivel estatal de cu\u00e1ntas de las 14 mil escuelas de la entidad cuentan con alguna afectaci\u00f3n por lluvias o alg\u00fan otro desastre natural.<\/p>\n\n\n\n<p>Por otra parte, retom\u00f3 los hechos del pasado 19 de septiembre, en donde, asegur\u00f3 que hasta el momento existe un reporte de cuatro escuelas con leves da\u00f1os, sin embargo, asegur\u00f3 que estos da\u00f1os tampoco representan un riesgo para los alumnos que alberga cada una de ellas.<\/p>\n\n\n\n<p>\u201cDespu\u00e9s del sismo, al otro d\u00eda hicimos un recorrido por las escuelas y se identific\u00f3 que s\u00f3lo cuatro ten\u00edan ciertas grietas pero no imped\u00edan las clases\u201d, apunt\u00f3.<\/p>\n","protected":false},"excerpt":{"rendered":"<p>Melit\u00f3n Lozano P\u00e9rez, titular de la Secretar\u00eda de Educaci\u00f3n P\u00fablica (SEP), inform\u00f3 que tras la fuerte lluvia que azot\u00f3 varios puntos de la ciudad la noche del s\u00e1bado, hubo leves afectaciones en seis colegios, sin embargo, asegur\u00f3 que estos da\u00f1os no representan un riesgo de suspensi\u00f3n de clases. Afirm\u00f3 que s\u00ed existieron diversos reportes la [&hellip;]<\/p>\n","protected":false},"author":4,"featured_media":14011,"comment_status":"open","ping_status":"open","sticky":false,"template":"","format":"standard","meta":{"om_disable_all_campaigns":false,"_monsterinsights_skip_tracking":false,"_monsterinsights_sitenote_active":false,"_monsterinsights_sitenote_note":"","_monsterinsights_sitenote_category":0,"footnotes":""},"categories":[175],"tags":[195,223],"class_list":["post-14010","post","type-post","status-publish","format-standard","has-post-thumbnail","hentry","category-local","tag-principal","tag-puebla"],"amp_enabled":true,"_links":{"self":[{"href":"https:\/\/lahora.mx\/index.php\/wp-json\/wp\/v2\/posts\/14010","targetHints":{"allow":["GET"]}}],"collection":[{"href":"https:\/\/lahora.mx\/index.php\/wp-json\/wp\/v2\/posts"}],"about":[{"href":"https:\/\/lahora.mx\/index.php\/wp-json\/wp\/v2\/types\/post"}],"author":[{"embeddable":true,"href":"https:\/\/lahora.mx\/index.php\/wp-json\/wp\/v2\/users\/4"}],"replies":[{"embeddable":true,"href":"https:\/\/lahora.mx\/index.php\/wp-json\/wp\/v2\/comments?post=14010"}],"version-history":[{"count":1,"href":"https:\/\/lahora.mx\/index.php\/wp-json\/wp\/v2\/posts\/14010\/revisions"}],"predecessor-version":[{"id":14012,"href":"https:\/\/lahora.mx\/index.php\/wp-json\/wp\/v2\/posts\/14010\/revisions\/14012"}],"wp:featuredmedia":[{"embeddable":true,"href":"https:\/\/lahora.mx\/index.php\/wp-json\/wp\/v2\/media\/14011"}],"wp:attachment":[{"href":"https:\/\/lahora.mx\/index.php\/wp-json\/wp\/v2\/media?parent=14010"}],"wp:term":[{"taxonomy":"category","embeddable":true,"href":"https:\/\/lahora.mx\/index.php\/wp-json\/wp\/v2\/categories?post=14010"},{"taxonomy":"post_tag","embeddable":true,"href":"https:\/\/lahora.mx\/index.php\/wp-json\/wp\/v2\/tags?post=14010"}],"curies":[{"name":"wp","href":"https:\/\/api.w.org\/{rel}","templated":true}]}}