{"id":14004,"date":"2022-09-25T19:57:49","date_gmt":"2022-09-25T19:57:49","guid":{"rendered":"http:\/\/lahora.mx\/?p=14004"},"modified":"2022-09-25T19:58:06","modified_gmt":"2022-09-25T19:58:06","slug":"amar-a-puebla-con-la-tesis-que-se-lanzo-armenta-para-aspirar-a-la-gobernatura","status":"publish","type":"post","link":"https:\/\/lahora.mx\/index.php\/2022\/09\/25\/amar-a-puebla-con-la-tesis-que-se-lanzo-armenta-para-aspirar-a-la-gobernatura\/","title":{"rendered":"\u201cAmar a Puebla\u201d con la tesis que se lanzo Armenta para aspirar a la gobernatura"},"content":{"rendered":"\n<p>El senador de Morena por Puebla, Alejandro Armenta Mier visit\u00f3 la ciudad de Teziutl\u00e1n como sede regional para presentar su tesis doctoral \u201cAmar a Puebla\u201d en la cual dio a conocer su visi\u00f3n de Estado para los pr\u00f3ximos a\u00f1os sustentado en la Bio\u00e9tica Social, a su vez destap\u00f3 sus intenciones de gobernar Puebla.<\/p>\n\n\n\n<p>En el Centro de Convenciones sede del evento que reuni\u00f3 a representantes de diversos sectores de la regi\u00f3n Nororiental, resalt\u00f3 que, por encima de cualquier inter\u00e9s, la visi\u00f3n de Estado debe sustentarse en la construcci\u00f3n de una agenda compuesta de las diversas exigencias que la sociedad demanda.<br>Por ello en su tesis \u00abAmar a Puebla\u00bb expone que gobernar es hacerlo con responsabilidad, humanismo y solidaridad para hacer valer los derechos sociales de todos los sectores de la poblaci\u00f3n, destac\u00f3 el senador.<\/p>\n\n\n\n<p>En su tesis fundamenta las acciones en ejes importantes de atenci\u00f3n como la seguridad, la salud y la reactivaci\u00f3n econ\u00f3mica, ya que \u201camar a Puebla es honrar al pueblo con inclusi\u00f3n y sentido social\u201d.<\/p>\n\n\n\n<p>Por su parte Marilyn Ballesteros simpatizante Morenista de Teziutl\u00e1n, quien tuvo a cargo la recepci\u00f3n del presidente del Senado de la Rep\u00fablica, se\u00f1al\u00f3 que es gracias a la cercan\u00eda que Armenta tiene con la poblaci\u00f3n y su larga y limpia trayectoria, as\u00ed como su experiencia que se consolidan acciones para beneficio de Puebla y sus municipios de all\u00ed que no dudan que la tesis que ha presentado rendir\u00e1 los frutos esperados en un futura, manteniendo el di\u00e1logo y cercan\u00eda con el Gobernador Barbosa y el presidente de la Rep\u00fablica L\u00f3pez Obrador.<\/p>\n","protected":false},"excerpt":{"rendered":"<p>El senador de Morena por Puebla, Alejandro Armenta Mier visit\u00f3 la ciudad de Teziutl\u00e1n como sede regional para presentar su tesis doctoral \u201cAmar a Puebla\u201d en la cual dio a conocer su visi\u00f3n de Estado para los pr\u00f3ximos a\u00f1os sustentado en la Bio\u00e9tica Social, a su vez destap\u00f3 sus intenciones de gobernar Puebla. En el [&hellip;]<\/p>\n","protected":false},"author":4,"featured_media":14005,"comment_status":"open","ping_status":"open","sticky":false,"template":"","format":"standard","meta":{"om_disable_all_campaigns":false,"_monsterinsights_skip_tracking":false,"_monsterinsights_sitenote_active":false,"_monsterinsights_sitenote_note":"","_monsterinsights_sitenote_category":0,"footnotes":""},"categories":[175],"tags":[195,223],"class_list":["post-14004","post","type-post","status-publish","format-standard","has-post-thumbnail","hentry","category-local","tag-principal","tag-puebla"],"amp_enabled":true,"_links":{"self":[{"href":"https:\/\/lahora.mx\/index.php\/wp-json\/wp\/v2\/posts\/14004","targetHints":{"allow":["GET"]}}],"collection":[{"href":"https:\/\/lahora.mx\/index.php\/wp-json\/wp\/v2\/posts"}],"about":[{"href":"https:\/\/lahora.mx\/index.php\/wp-json\/wp\/v2\/types\/post"}],"author":[{"embeddable":true,"href":"https:\/\/lahora.mx\/index.php\/wp-json\/wp\/v2\/users\/4"}],"replies":[{"embeddable":true,"href":"https:\/\/lahora.mx\/index.php\/wp-json\/wp\/v2\/comments?post=14004"}],"version-history":[{"count":1,"href":"https:\/\/lahora.mx\/index.php\/wp-json\/wp\/v2\/posts\/14004\/revisions"}],"predecessor-version":[{"id":14006,"href":"https:\/\/lahora.mx\/index.php\/wp-json\/wp\/v2\/posts\/14004\/revisions\/14006"}],"wp:featuredmedia":[{"embeddable":true,"href":"https:\/\/lahora.mx\/index.php\/wp-json\/wp\/v2\/media\/14005"}],"wp:attachment":[{"href":"https:\/\/lahora.mx\/index.php\/wp-json\/wp\/v2\/media?parent=14004"}],"wp:term":[{"taxonomy":"category","embeddable":true,"href":"https:\/\/lahora.mx\/index.php\/wp-json\/wp\/v2\/categories?post=14004"},{"taxonomy":"post_tag","embeddable":true,"href":"https:\/\/lahora.mx\/index.php\/wp-json\/wp\/v2\/tags?post=14004"}],"curies":[{"name":"wp","href":"https:\/\/api.w.org\/{rel}","templated":true}]}}