{"id":13990,"date":"2022-09-24T18:42:00","date_gmt":"2022-09-24T18:42:00","guid":{"rendered":"http:\/\/lahora.mx\/?p=13990"},"modified":"2022-09-24T18:42:00","modified_gmt":"2022-09-24T18:42:00","slug":"ni-con-las-placas-de-otro-estado-la-libras-ya-puebla-incluira-a-autos-con-placas-foraneas-para-verificacion","status":"publish","type":"post","link":"https:\/\/lahora.mx\/index.php\/2022\/09\/24\/ni-con-las-placas-de-otro-estado-la-libras-ya-puebla-incluira-a-autos-con-placas-foraneas-para-verificacion\/","title":{"rendered":"Ni con las placas de otro estado la libras ya  Puebla incluir\u00e1 a autos con placas for\u00e1neas para verificaci\u00f3n"},"content":{"rendered":"\n<p>El gobernador Luis Miguel Barbosa Huerta envi\u00f3 al Congreso del estado una iniciativa para que la verificaci\u00f3n vehicular en Puebla sea obligatoria para veh\u00edculos con registro local y todos los que circulen en el estado, aunque tengan placas for\u00e1neas.<\/p>\n\n\n\n<p>El mandatario ya hab\u00eda advertido en agosto que los veh\u00edculos que circulan peri\u00f3dicamente en el estado con placas Tlaxcala tendr\u00e1n que verificar en Puebla, pues reclam\u00f3 a la gente que realizan los tr\u00e1mites en otros estados para eludir el pago de obligaciones en la entidad poblana.<br>\u201cEsos listos que se fueron a verificar a Tlaxcala y que con eso piensan van a evadir los temas de verificaci\u00f3n vehicular para Puebla, se equivocan, va a haber toda una renovaci\u00f3n en regulaci\u00f3n en esta materia que va a ser obligatorio en Puebla\u201d, sentenci\u00f3 en rueda de prensa el 17 de agosto.<\/p>\n\n\n\n<p>El gobernador cumpli\u00f3 su amenaza y present\u00f3 una iniciativa para reformar la Ley para la Protecci\u00f3n del Ambiente Natural y el Desarrollo Sustentable, para que la verificaci\u00f3n sea obligatoria para todos los veh\u00edculos que circulen en el estado, ya no solo para los registrados en la entidad.<\/p>\n\n\n\n<p>\u201cLos veh\u00edculos automotores registrados o que circulen en el estado, destinados al transporte privado y al servicio p\u00fablico, deber\u00e1n ser sometidos a verificaci\u00f3n, conforme a esta ley, su Reglamento en Materia de Prevenci\u00f3n y Control de la Contaminaci\u00f3n Atmosf\u00e9rica y los programas que al efecto formule la secretar\u00eda\u201d, se\u00f1ala su propuesta.<br>Esto al se\u00f1alar que Puebla sufre un deterioro en la calidad del aire, como consecuencia de las emisiones de gases contaminantes a la atm\u00f3sfera por el incremento del parque vehicular, el crecimiento industrial, de servicios y demogr\u00e1fico, adem\u00e1s del cambio clim\u00e1tico, que incide en la salud de la poblaci\u00f3n y el medioambiente.<\/p>\n\n\n\n<p>Para hacer frente a este problema propone modificar la Ley para la Protecci\u00f3n del Ambiente Natural y el Desarrollo Sustentable, la Ley de Vialidad y la Ley Org\u00e1nica de la Administraci\u00f3n P\u00fablica, para controlar, vigilar y reducir la contaminaci\u00f3n y los factores de riesgo, para la verificaci\u00f3n vehicular y la implementaci\u00f3n de medidas legales y administrativas.<\/p>\n\n\n\n<p>La reforma a Ley Org\u00e1nica de la Administraci\u00f3n P\u00fablica es para precisar que a la Secretar\u00eda de Movilidad y Transporte (SMT) le corresponder\u00e1 establecer, solicitar y revisar los requisitos, documentos, certificados y hologramas que deban satisfacer y portar los veh\u00edculos, entre ellos, el de la verificaci\u00f3n.<\/p>\n","protected":false},"excerpt":{"rendered":"<p>El gobernador Luis Miguel Barbosa Huerta envi\u00f3 al Congreso del estado una iniciativa para que la verificaci\u00f3n vehicular en Puebla sea obligatoria para veh\u00edculos con registro local y todos los que circulen en el estado, aunque tengan placas for\u00e1neas. El mandatario ya hab\u00eda advertido en agosto que los veh\u00edculos que circulan peri\u00f3dicamente en el estado [&hellip;]<\/p>\n","protected":false},"author":4,"featured_media":13991,"comment_status":"open","ping_status":"open","sticky":false,"template":"","format":"standard","meta":{"om_disable_all_campaigns":false,"_monsterinsights_skip_tracking":false,"_monsterinsights_sitenote_active":false,"_monsterinsights_sitenote_note":"","_monsterinsights_sitenote_category":0,"footnotes":""},"categories":[175],"tags":[195,223],"class_list":["post-13990","post","type-post","status-publish","format-standard","has-post-thumbnail","hentry","category-local","tag-principal","tag-puebla"],"amp_enabled":true,"_links":{"self":[{"href":"https:\/\/lahora.mx\/index.php\/wp-json\/wp\/v2\/posts\/13990","targetHints":{"allow":["GET"]}}],"collection":[{"href":"https:\/\/lahora.mx\/index.php\/wp-json\/wp\/v2\/posts"}],"about":[{"href":"https:\/\/lahora.mx\/index.php\/wp-json\/wp\/v2\/types\/post"}],"author":[{"embeddable":true,"href":"https:\/\/lahora.mx\/index.php\/wp-json\/wp\/v2\/users\/4"}],"replies":[{"embeddable":true,"href":"https:\/\/lahora.mx\/index.php\/wp-json\/wp\/v2\/comments?post=13990"}],"version-history":[{"count":1,"href":"https:\/\/lahora.mx\/index.php\/wp-json\/wp\/v2\/posts\/13990\/revisions"}],"predecessor-version":[{"id":13992,"href":"https:\/\/lahora.mx\/index.php\/wp-json\/wp\/v2\/posts\/13990\/revisions\/13992"}],"wp:featuredmedia":[{"embeddable":true,"href":"https:\/\/lahora.mx\/index.php\/wp-json\/wp\/v2\/media\/13991"}],"wp:attachment":[{"href":"https:\/\/lahora.mx\/index.php\/wp-json\/wp\/v2\/media?parent=13990"}],"wp:term":[{"taxonomy":"category","embeddable":true,"href":"https:\/\/lahora.mx\/index.php\/wp-json\/wp\/v2\/categories?post=13990"},{"taxonomy":"post_tag","embeddable":true,"href":"https:\/\/lahora.mx\/index.php\/wp-json\/wp\/v2\/tags?post=13990"}],"curies":[{"name":"wp","href":"https:\/\/api.w.org\/{rel}","templated":true}]}}