{"id":1395,"date":"2022-01-10T23:52:20","date_gmt":"2022-01-10T23:52:20","guid":{"rendered":"http:\/\/lahora.mx\/?p=1395"},"modified":"2022-01-10T23:52:20","modified_gmt":"2022-01-10T23:52:20","slug":"vacunacion-para-los-de-50-y-mas-comienza-este-martes","status":"publish","type":"post","link":"https:\/\/lahora.mx\/index.php\/2022\/01\/10\/vacunacion-para-los-de-50-y-mas-comienza-este-martes\/","title":{"rendered":"Vacunaci\u00f3n para los de 50 y mas comienza este martes"},"content":{"rendered":"<p>La vacunaci\u00f3n<strong>\u00a0<\/strong>para los de 50 a 59 a\u00f1os de edad y la\u00a0 segunda dosis para los de 15 a 17\u00a0 a\u00f1os que se vacunaron en la segunda quincena de octubre y noviembre con Pfizer, se iniciar\u00e1 este martes en la capital poblana en cinco centros de atenci\u00f3n masiva El secretario de salud, Jos\u00e9 Antonio Mart\u00ednez Garc\u00eda inform\u00f3 que las aplicaciones estar\u00e1n disponibles en el Hospital General del Sur, Hospital para el ni\u00f1o Poblano Centro de Convenciones BUAP Arena BUAP y el Centro Expositor\u00a0 y de Convenciones. Tambi\u00e9n se dio a conocer que un d\u00eda despu\u00e9s, el Mi\u00e9rcoles 12 de enero, se inicia la vacunaci\u00f3n para maestros.<strong><\/p>\n<p><\/strong><\/p>\n","protected":false},"excerpt":{"rendered":"<p>La vacunaci\u00f3n\u00a0para los de 50 a 59 a\u00f1os de edad y la\u00a0 segunda dosis para los de 15 a 17\u00a0 a\u00f1os que se vacunaron en la segunda quincena de octubre y noviembre con Pfizer, se iniciar\u00e1 este martes en la capital poblana en cinco centros de atenci\u00f3n masiva El secretario de salud, Jos\u00e9 Antonio Mart\u00ednez [&hellip;]<\/p>\n","protected":false},"author":4,"featured_media":1396,"comment_status":"open","ping_status":"open","sticky":false,"template":"","format":"standard","meta":{"om_disable_all_campaigns":false,"_monsterinsights_skip_tracking":false,"_monsterinsights_sitenote_active":false,"_monsterinsights_sitenote_note":"","_monsterinsights_sitenote_category":0,"footnotes":""},"categories":[175],"tags":[],"class_list":["post-1395","post","type-post","status-publish","format-standard","has-post-thumbnail","hentry","category-local"],"amp_enabled":true,"_links":{"self":[{"href":"https:\/\/lahora.mx\/index.php\/wp-json\/wp\/v2\/posts\/1395","targetHints":{"allow":["GET"]}}],"collection":[{"href":"https:\/\/lahora.mx\/index.php\/wp-json\/wp\/v2\/posts"}],"about":[{"href":"https:\/\/lahora.mx\/index.php\/wp-json\/wp\/v2\/types\/post"}],"author":[{"embeddable":true,"href":"https:\/\/lahora.mx\/index.php\/wp-json\/wp\/v2\/users\/4"}],"replies":[{"embeddable":true,"href":"https:\/\/lahora.mx\/index.php\/wp-json\/wp\/v2\/comments?post=1395"}],"version-history":[{"count":1,"href":"https:\/\/lahora.mx\/index.php\/wp-json\/wp\/v2\/posts\/1395\/revisions"}],"predecessor-version":[{"id":1397,"href":"https:\/\/lahora.mx\/index.php\/wp-json\/wp\/v2\/posts\/1395\/revisions\/1397"}],"wp:featuredmedia":[{"embeddable":true,"href":"https:\/\/lahora.mx\/index.php\/wp-json\/wp\/v2\/media\/1396"}],"wp:attachment":[{"href":"https:\/\/lahora.mx\/index.php\/wp-json\/wp\/v2\/media?parent=1395"}],"wp:term":[{"taxonomy":"category","embeddable":true,"href":"https:\/\/lahora.mx\/index.php\/wp-json\/wp\/v2\/categories?post=1395"},{"taxonomy":"post_tag","embeddable":true,"href":"https:\/\/lahora.mx\/index.php\/wp-json\/wp\/v2\/tags?post=1395"}],"curies":[{"name":"wp","href":"https:\/\/api.w.org\/{rel}","templated":true}]}}