{"id":13851,"date":"2022-09-21T18:54:41","date_gmt":"2022-09-21T18:54:41","guid":{"rendered":"http:\/\/lahora.mx\/?p=13851"},"modified":"2022-09-21T18:54:42","modified_gmt":"2022-09-21T18:54:42","slug":"un-33-de-inversion-alemana-en-mexico-esta-en-puebla-armenta","status":"publish","type":"post","link":"https:\/\/lahora.mx\/index.php\/2022\/09\/21\/un-33-de-inversion-alemana-en-mexico-esta-en-puebla-armenta\/","title":{"rendered":"Un 33% de inversi\u00f3n alemana en M\u00e9xico esta en Puebla: Armenta"},"content":{"rendered":"\n<p>Durante la sesi\u00f3n solemne del Senado de la Rep\u00fablica para recibir al presidente alem\u00e1n, Frank-Walter Steinmeier, el senador de Morena, Alejandro Armenta Mier, detall\u00f3 que entre 1999 y 2022, Alemania ha invertido en M\u00e9xico 29 mil millones de d\u00f3lares, de los cuales Puebla ha recibido el 33.5 por ciento del total.<\/p>\n\n\n\n<p>Adem\u00e1s, destac\u00f3 que la relaci\u00f3n econ\u00f3mica ente el pa\u00eds germano y M\u00e9xico supera los 24 mil 700 millones de d\u00f3lares en el 2021, en sectores como el automotriz, la industria farmac\u00e9utica, qu\u00edmica, textil, maquinaria y energ\u00edas renovables.<\/p>\n\n\n\n<p>\u201cCon estas actividades Alemania se ha consolidado como el primer socio comercial de M\u00e9xico en Europa y por su parte M\u00e9xico representa su mayor socio en Am\u00e9rica Latina y el Caribe\u201d, apunt\u00f3.<\/p>\n\n\n\n<p>En el caso de Puebla , el presidente de la Mesa Directiva del Senado de la Rep\u00fablica resalt\u00f3 que entre 1999 y al 2022, Alemania ha invertido 29 mil millones de d\u00f3lares en M\u00e9xico, \u201crecibiendo Puebla el 33.5 por ciento de la inversi\u00f3n total\u201d.<\/p>\n\n\n\n<p>Armenta Mier, dijo que se congratulan por el proceso de modernizaci\u00f3n que se espera lograr con el acuerdo de asociaci\u00f3n econ\u00f3mica, concertaci\u00f3n pol\u00edtica y cooperaci\u00f3n M\u00e9xico-Uni\u00f3n Europea, conocido como Acuerdo Global.<\/p>\n\n\n\n<p>\u201cEstamos convencidos que apuntalar\u00e1 los beneficios de todas las esferas que abarca este instrumento entre el bloque europeo con Alemania y M\u00e9xico\u201d, puntualiz\u00f3.<\/p>\n\n\n\n<p>Indic\u00f3 que valoran la confianza de las empresas alemanas para invertir en M\u00e9xico en diversos campos de la econom\u00eda nacional, ubicando a Alemania en el quinto lugar a nivel mundial de pa\u00edses que invierten en M\u00e9xico.<\/p>\n","protected":false},"excerpt":{"rendered":"<p>Durante la sesi\u00f3n solemne del Senado de la Rep\u00fablica para recibir al presidente alem\u00e1n, Frank-Walter Steinmeier, el senador de Morena, Alejandro Armenta Mier, detall\u00f3 que entre 1999 y 2022, Alemania ha invertido en M\u00e9xico 29 mil millones de d\u00f3lares, de los cuales Puebla ha recibido el 33.5 por ciento del total. Adem\u00e1s, destac\u00f3 que la [&hellip;]<\/p>\n","protected":false},"author":4,"featured_media":13853,"comment_status":"open","ping_status":"open","sticky":false,"template":"","format":"standard","meta":{"om_disable_all_campaigns":false,"_monsterinsights_skip_tracking":false,"_monsterinsights_sitenote_active":false,"_monsterinsights_sitenote_note":"","_monsterinsights_sitenote_category":0,"footnotes":""},"categories":[175],"tags":[29,223],"class_list":["post-13851","post","type-post","status-publish","format-standard","has-post-thumbnail","hentry","category-local","tag-business","tag-puebla"],"amp_enabled":true,"_links":{"self":[{"href":"https:\/\/lahora.mx\/index.php\/wp-json\/wp\/v2\/posts\/13851","targetHints":{"allow":["GET"]}}],"collection":[{"href":"https:\/\/lahora.mx\/index.php\/wp-json\/wp\/v2\/posts"}],"about":[{"href":"https:\/\/lahora.mx\/index.php\/wp-json\/wp\/v2\/types\/post"}],"author":[{"embeddable":true,"href":"https:\/\/lahora.mx\/index.php\/wp-json\/wp\/v2\/users\/4"}],"replies":[{"embeddable":true,"href":"https:\/\/lahora.mx\/index.php\/wp-json\/wp\/v2\/comments?post=13851"}],"version-history":[{"count":1,"href":"https:\/\/lahora.mx\/index.php\/wp-json\/wp\/v2\/posts\/13851\/revisions"}],"predecessor-version":[{"id":13854,"href":"https:\/\/lahora.mx\/index.php\/wp-json\/wp\/v2\/posts\/13851\/revisions\/13854"}],"wp:featuredmedia":[{"embeddable":true,"href":"https:\/\/lahora.mx\/index.php\/wp-json\/wp\/v2\/media\/13853"}],"wp:attachment":[{"href":"https:\/\/lahora.mx\/index.php\/wp-json\/wp\/v2\/media?parent=13851"}],"wp:term":[{"taxonomy":"category","embeddable":true,"href":"https:\/\/lahora.mx\/index.php\/wp-json\/wp\/v2\/categories?post=13851"},{"taxonomy":"post_tag","embeddable":true,"href":"https:\/\/lahora.mx\/index.php\/wp-json\/wp\/v2\/tags?post=13851"}],"curies":[{"name":"wp","href":"https:\/\/api.w.org\/{rel}","templated":true}]}}